{"id":1087,"date":"2018-09-21T13:08:17","date_gmt":"2018-09-21T13:08:17","guid":{"rendered":"https:\/\/www.fws.ch\/?p=1087"},"modified":"2024-07-14T20:58:21","modified_gmt":"2024-07-14T20:58:21","slug":"secteur-information","status":"publish","type":"post","link":"https:\/\/www.fws.ch\/fr\/secteur-information\/","title":{"rendered":"Secteur Information"},"content":{"rendered":"\n<div class=\"wp-block-columns is-layout-flex wp-container-core-columns-is-layout-9d6595d7 wp-block-columns-is-layout-flex\">\n<div class=\"wp-block-column is-layout-flow wp-block-column-is-layout-flow\">\n<h3 class=\"wp-block-heading\">Suisse romande<\/h3>\n\n\n\n<p>Pour toute information et question g\u00e9n\u00e9rale concernant les PAC, les diverses manifestations ou les sollicitations m\u00e9diatiques pour la Romandie, veuillez vous adresser au centre d\u2019information.<\/p>\n\n\n\n<p><b>Centre d&#8217;information pour les pompes \u00e0 chaleur<\/b><br>Route du Stand 11<br>1880 Bex<br>T\u00e9l. 024 426 02 11<br><a href=\"mailto:info@pac.ch\">info@pac.ch<\/a><\/p>\n<\/div>\n\n\n\n<div class=\"wp-block-column is-layout-flow wp-block-column-is-layout-flow\">\n<h3 class=\"wp-block-heading\">Suisse allemande<\/h3>\n\n\n\n<p>Pour toute information et question g\u00e9n\u00e9rale concernant les PAC, les diverses manifestations ou les sollicitations m\u00e9diatiques pour la Suisse allemande, veuillez vous adresser au centre d\u2019information de Berne.<\/p>\n\n\n\n<p><b>Informationsstelle W\u00e4rmepumpen<\/b><br>Steinerstrasse 37<br>3006 Bern<br>Telefon 031 350 40 65<br>Telefax 031 350 40 51<br><a href=\"mailto:info@fws.ch\">info@fws.ch<\/a><\/p>\n<\/div>\n\n\n\n<div class=\"wp-block-column is-layout-flow wp-block-column-is-layout-flow\">\n<h3 class=\"wp-block-heading\">Suisse italienne<\/h3>\n\n\n\n<p>Pour toute information et question g\u00e9n\u00e9rale concernant les PAC, les diverses manifestations ou les sollicitations m\u00e9diatiques pour la Suisse italienne, veuillez vous adresser au centre d\u2019information de Bellinzona.<\/p>\n\n\n\n<p><strong>Associazione professionale svizzera delle pompe di calore APP<\/strong><br>c\/o Associazione TicinoEnergia<br>Ca\u2018 bianca<br>Via San Giovanni 10<br>6500 Bellinzona<br>Telefon 091 290 88 10<br><a href=\"mailto:info@app-si.ch\">info@app-si.ch<\/a><\/p>\n<\/div>\n<\/div>\n\n\n\n<div class=\"wp-block-columns is-layout-flex wp-container-core-columns-is-layout-9d6595d7 wp-block-columns-is-layout-flex\">\n<div class=\"wp-block-column is-layout-flow wp-block-column-is-layout-flow\">\n<h4 class=\"wp-block-heading\"><strong>Responsable du Centre d\u2019information Suisse romande<\/strong><\/h4>\n\n\n\n<figure class=\"wp-block-image size-large\"><img loading=\"lazy\" decoding=\"async\" width=\"1176\" height=\"1176\" src=\"https:\/\/www.fws.ch\/wp-content\/uploads\/2023\/11\/Philippe-Ranc-edited.jpg\" alt=\"\" class=\"wp-image-11098\" srcset=\"https:\/\/www.fws.ch\/wp-content\/uploads\/2023\/11\/Philippe-Ranc-edited.jpg 1176w, https:\/\/www.fws.ch\/wp-content\/uploads\/2023\/11\/Philippe-Ranc-edited-300x300.jpg 300w, https:\/\/www.fws.ch\/wp-content\/uploads\/2023\/11\/Philippe-Ranc-edited-1024x1024.jpg 1024w, https:\/\/www.fws.ch\/wp-content\/uploads\/2023\/11\/Philippe-Ranc-edited-150x150.jpg 150w, https:\/\/www.fws.ch\/wp-content\/uploads\/2023\/11\/Philippe-Ranc-edited-768x768.jpg 768w, https:\/\/www.fws.ch\/wp-content\/uploads\/2023\/11\/Philippe-Ranc-edited-620x620.jpg 620w, https:\/\/www.fws.ch\/wp-content\/uploads\/2023\/11\/Philippe-Ranc-edited-405x405.jpg 405w, https:\/\/www.fws.ch\/wp-content\/uploads\/2023\/11\/Philippe-Ranc-edited-240x240.jpg 240w, https:\/\/www.fws.ch\/wp-content\/uploads\/2023\/11\/Philippe-Ranc-edited-20x20.jpg 20w\" sizes=\"auto, (max-width: 1176px) 100vw, 1176px\" \/><\/figure>\n\n\n\n<p><strong>Philippe Ranc<\/strong><br><a style=\"font-size: revert;\" href=\"mailto:philippe.ranc@pac.ch\">philippe.ranc@pac.ch<\/a><\/p>\n<\/div>\n\n\n\n<div class=\"wp-block-column is-layout-flow wp-block-column-is-layout-flow\">\n<h4 class=\"wp-block-heading\"><strong>Responsable du Centre d\u2019information Suisse allemande<\/strong><\/h4>\n\n\n\n<figure class=\"wp-block-image size-full\"><img loading=\"lazy\" decoding=\"async\" width=\"400\" height=\"400\" src=\"https:\/\/www.fws.ch\/wp-content\/uploads\/2023\/11\/claudia-mueller_2023_W400px-edited.jpg\" alt=\"\" class=\"wp-image-11095\" srcset=\"https:\/\/www.fws.ch\/wp-content\/uploads\/2023\/11\/claudia-mueller_2023_W400px-edited.jpg 400w, https:\/\/www.fws.ch\/wp-content\/uploads\/2023\/11\/claudia-mueller_2023_W400px-edited-300x300.jpg 300w, https:\/\/www.fws.ch\/wp-content\/uploads\/2023\/11\/claudia-mueller_2023_W400px-edited-150x150.jpg 150w, https:\/\/www.fws.ch\/wp-content\/uploads\/2023\/11\/claudia-mueller_2023_W400px-edited-240x240.jpg 240w, https:\/\/www.fws.ch\/wp-content\/uploads\/2023\/11\/claudia-mueller_2023_W400px-edited-20x20.jpg 20w\" sizes=\"auto, (max-width: 400px) 100vw, 400px\" \/><\/figure>\n\n\n\n<p><strong>Claudia M\u00fcller<\/strong><br><a style=\"font-size: revert;\" href=\"mailto:claudia.mueller@fws.ch\">claudia.mueller@fws.ch<\/a><\/p>\n<\/div>\n\n\n\n<div class=\"wp-block-column is-layout-flow wp-block-column-is-layout-flow\">\n<h4 class=\"wp-block-heading\"><strong>Responsable du Centre d\u2019information Suisse italienne<\/strong><\/h4>\n\n\n\n<figure class=\"wp-block-image size-large\"><img loading=\"lazy\" decoding=\"async\" width=\"1176\" height=\"1176\" src=\"https:\/\/www.fws.ch\/wp-content\/uploads\/2023\/11\/Milton-Generelli-edited.jpg\" alt=\"\" class=\"wp-image-11101\" srcset=\"https:\/\/www.fws.ch\/wp-content\/uploads\/2023\/11\/Milton-Generelli-edited.jpg 1176w, https:\/\/www.fws.ch\/wp-content\/uploads\/2023\/11\/Milton-Generelli-edited-300x300.jpg 300w, https:\/\/www.fws.ch\/wp-content\/uploads\/2023\/11\/Milton-Generelli-edited-1024x1024.jpg 1024w, https:\/\/www.fws.ch\/wp-content\/uploads\/2023\/11\/Milton-Generelli-edited-150x150.jpg 150w, https:\/\/www.fws.ch\/wp-content\/uploads\/2023\/11\/Milton-Generelli-edited-768x768.jpg 768w, https:\/\/www.fws.ch\/wp-content\/uploads\/2023\/11\/Milton-Generelli-edited-620x620.jpg 620w, https:\/\/www.fws.ch\/wp-content\/uploads\/2023\/11\/Milton-Generelli-edited-405x405.jpg 405w, https:\/\/www.fws.ch\/wp-content\/uploads\/2023\/11\/Milton-Generelli-edited-240x240.jpg 240w, https:\/\/www.fws.ch\/wp-content\/uploads\/2023\/11\/Milton-Generelli-edited-20x20.jpg 20w\" sizes=\"auto, (max-width: 1176px) 100vw, 1176px\" \/><\/figure>\n\n\n\n<p><strong>Milton Generelli<\/strong><br><a href=\"mailto:milton.generelli@app-si.ch\">milton.generelli@app-si.ch<\/a><\/p>\n<\/div>\n<\/div>\n","protected":false},"excerpt":{"rendered":"<p>Suisse romande Pour toute information et question g\u00e9n\u00e9rale concernant les PAC, les diverses manifestations ou les sollicitations m\u00e9diatiques pour la Romandie, veuillez vous adresser au centre d\u2019information. Centre d&#8217;information pour les pompes \u00e0 chaleurRoute du Stand 111880 BexT\u00e9l. 024 426 02 11info@pac.ch Suisse allemande Pour toute information et question g\u00e9n\u00e9rale concernant les PAC, les diverses&#8230;<\/p>\n","protected":false},"author":5,"featured_media":0,"comment_status":"open","ping_status":"closed","sticky":false,"template":"","format":"standard","meta":{"footnotes":""},"categories":[24],"tags":[],"class_list":["post-1087","post","type-post","status-publish","format-standard","hentry","category-secteurs-dactivites"],"_links":{"self":[{"href":"https:\/\/www.fws.ch\/fr\/wp-json\/wp\/v2\/posts\/1087","targetHints":{"allow":["GET"]}}],"collection":[{"href":"https:\/\/www.fws.ch\/fr\/wp-json\/wp\/v2\/posts"}],"about":[{"href":"https:\/\/www.fws.ch\/fr\/wp-json\/wp\/v2\/types\/post"}],"author":[{"embeddable":true,"href":"https:\/\/www.fws.ch\/fr\/wp-json\/wp\/v2\/users\/5"}],"replies":[{"embeddable":true,"href":"https:\/\/www.fws.ch\/fr\/wp-json\/wp\/v2\/comments?post=1087"}],"version-history":[{"count":11,"href":"https:\/\/www.fws.ch\/fr\/wp-json\/wp\/v2\/posts\/1087\/revisions"}],"predecessor-version":[{"id":13183,"href":"https:\/\/www.fws.ch\/fr\/wp-json\/wp\/v2\/posts\/1087\/revisions\/13183"}],"wp:attachment":[{"href":"https:\/\/www.fws.ch\/fr\/wp-json\/wp\/v2\/media?parent=1087"}],"wp:term":[{"taxonomy":"category","embeddable":true,"href":"https:\/\/www.fws.ch\/fr\/wp-json\/wp\/v2\/categories?post=1087"},{"taxonomy":"post_tag","embeddable":true,"href":"https:\/\/www.fws.ch\/fr\/wp-json\/wp\/v2\/tags?post=1087"}],"curies":[{"name":"wp","href":"https:\/\/api.w.org\/{rel}","templated":true}]}}