{"id":1092,"date":"2018-10-19T10:32:07","date_gmt":"2018-10-19T10:32:07","guid":{"rendered":"https:\/\/www.fws.ch\/?p=1092"},"modified":"2025-02-19T22:06:11","modified_gmt":"2025-02-19T22:06:11","slug":"secteur-normes-et-technique","status":"publish","type":"post","link":"https:\/\/www.fws.ch\/fr\/secteur-normes-et-technique\/","title":{"rendered":"Secteur Normes et technique"},"content":{"rendered":"<p>Gr\u00e2ce \u00e0 sa participation active aux organes de normalisation nationaux et internationaux le Groupement professionnel suisse pour les pompes \u00e0 chaleur GSP r\u00e9ussit \u00e0 procurer \u00e0 ses membres et \u00e0 la branche des pompes \u00e0 chaleur des conditions-cadres favorables. Ces activit\u00e9s de r\u00e9glementation sont coordonn\u00e9es par le secteur d&#8217;activit\u00e9 &#8220;Normes et Technique&#8221; en collaboration avec des Hautes Ecoles Sup\u00e9rieures sp\u00e9cialis\u00e9es, l&#8217;Association Suisse de Normalisation (SNV) et l&#8217;Association suisse des ing\u00e9nieurs et des architectes (SIA).<\/p>\n<p>A l&#8217;international, les activit\u00e9s de normalisation se d\u00e9roulent au sein de l&#8217;organe europ\u00e9en des normes (CEN) et de plus en plus souvent au sein de l&#8217;organe international des normes (ISO) ou au sein d&#8217;organes d\u00e9pendant de l&#8217;UE. Il faut \u00e9galement ajouter des organisations partenaires telles que l&#8217;Association suisse du froid (ASF) ou l&#8217;Association industrielle f\u00e9d\u00e9rale allemande des techniques du b\u00e2timent, de l&#8217;\u00e9nergie et de l&#8217;environnement e.V. (BDH).<\/p>\n<p><a href=\"https:\/\/www.fws.ch\/wp-content\/uploads\/2018\/10\/Prevention-de-la-legionelle.pdf\" target=\"_blank\" rel=\"noopener\">Pre\u0301vention de la le\u0301gionelle \u00bb\u00a0<\/a><\/p>\n<h3>Responsable du secteur<\/h3>\n<table class=\"nobg\" style=\"width: 40.7557%; height: 390px;\" cellspacing=\"1\" cellpadding=\"0\">\n<tbody>\n<tr style=\"height: 107px;\">\n<td style=\"height: 107px; width: 46.0878%;\" valign=\"top\" width=\"100\"><strong>Lukas Gasser<\/strong><img loading=\"lazy\" decoding=\"async\" class=\"alignnone wp-image-14298 \" src=\"https:\/\/www.fws.ch\/wp-content\/uploads\/2018\/10\/Lukas-Gasser-227x300-1.jpg\" alt=\"\" width=\"221\" height=\"292\" \/><\/td>\n<td style=\"width: 13.4226%; height: 107px;\" valign=\"top\">&nbsp;<\/p>\n<p><strong>\u00a0<\/strong><\/td>\n<td style=\"height: 107px; width: 46.7043%;\" align=\"left\" valign=\"top\" width=\"200\">Groupement professionnel suisse pour les pompes \u00e0 chaleur<br \/>\nSteinerstrasse 37<br \/>\n3006 Bern<br \/>\nT\u00e9l: 031 350 40 65Fax: 031 350 40 51<a href=\"mailto:l.gasser@alera-energies.ch\">l.gasser@alera-energies.ch<\/a><\/td>\n<\/tr>\n<tr style=\"height: 24px;\">\n<td style=\"height: 24px; width: 46.0878%;\"><\/td>\n<td style=\"height: 24px; width: 13.4226%;\"><\/td>\n<td style=\"height: 24px; width: 46.7043%;\"><\/td>\n<\/tr>\n<tr style=\"height: 19px;\">\n<td style=\"width: 59.5104%; height: 19px;\" colspan=\"2\" align=\"left\" valign=\"top\"><\/td>\n<td style=\"height: 19px; width: 46.7043%;\" align=\"left\" valign=\"top\" width=\"200\" height=\"19\"><\/td>\n<\/tr>\n<tr style=\"height: 24px;\">\n<td style=\"height: 24px; width: 46.0878%;\"><\/td>\n<td style=\"height: 24px; width: 13.4226%;\"><\/td>\n<td style=\"height: 24px; width: 46.7043%;\"><\/td>\n<\/tr>\n<tr style=\"height: 40px;\" align=\"left\" valign=\"top\">\n<td style=\"width: 46.0878%; height: 120px;\" valign=\"top\"><\/td>\n<td style=\"width: 13.4226%; height: 120px;\" valign=\"top\"><\/td>\n<td style=\"width: 46.7043%; height: 120px;\" align=\"left\" valign=\"top\"><\/td>\n<\/tr>\n<tr style=\"height: 24px;\">\n<td style=\"height: 24px; width: 59.5104%;\" colspan=\"2\"><\/td>\n<td style=\"height: 24px; width: 46.7043%;\"><\/td>\n<\/tr>\n<tr style=\"height: 24px;\">\n<td style=\"height: 24px; width: 46.0878%;\" align=\"left\" valign=\"top\"><\/td>\n<td style=\"height: 24px; width: 13.4226%;\" align=\"left\" valign=\"top\"><\/td>\n<td style=\"height: 24px; width: 46.7043%;\" align=\"left\" valign=\"top\"><\/td>\n<\/tr>\n<tr style=\"height: 24px;\">\n<td style=\"height: 24px; width: 59.5104%;\" colspan=\"2\"><\/td>\n<td style=\"height: 24px; width: 46.7043%;\"><\/td>\n<\/tr>\n<tr style=\"height: 24px;\">\n<td style=\"height: 24px; width: 46.0878%;\" align=\"left\" valign=\"top\"><\/td>\n<td style=\"height: 24px; width: 13.4226%;\" align=\"left\" valign=\"top\"><\/td>\n<td style=\"height: 24px; width: 46.7043%;\" align=\"left\" valign=\"top\"><\/td>\n<\/tr>\n<\/tbody>\n<\/table>\n","protected":false},"excerpt":{"rendered":"<p>Gr\u00e2ce \u00e0 sa participation active aux organes de normalisation nationaux et internationaux le Groupement professionnel suisse pour les pompes \u00e0 chaleur GSP r\u00e9ussit \u00e0 procurer \u00e0 ses membres et \u00e0 la branche des pompes \u00e0 chaleur des conditions-cadres favorables. Ces activit\u00e9s de r\u00e9glementation sont coordonn\u00e9es par le secteur d&#8217;activit\u00e9 &#8220;Normes et Technique&#8221; en collaboration avec&#8230;<\/p>\n","protected":false},"author":5,"featured_media":0,"comment_status":"open","ping_status":"closed","sticky":false,"template":"","format":"standard","meta":{"footnotes":""},"categories":[24],"tags":[],"class_list":["post-1092","post","type-post","status-publish","format-standard","hentry","category-secteurs-dactivites"],"_links":{"self":[{"href":"https:\/\/www.fws.ch\/fr\/wp-json\/wp\/v2\/posts\/1092","targetHints":{"allow":["GET"]}}],"collection":[{"href":"https:\/\/www.fws.ch\/fr\/wp-json\/wp\/v2\/posts"}],"about":[{"href":"https:\/\/www.fws.ch\/fr\/wp-json\/wp\/v2\/types\/post"}],"author":[{"embeddable":true,"href":"https:\/\/www.fws.ch\/fr\/wp-json\/wp\/v2\/users\/5"}],"replies":[{"embeddable":true,"href":"https:\/\/www.fws.ch\/fr\/wp-json\/wp\/v2\/comments?post=1092"}],"version-history":[{"count":10,"href":"https:\/\/www.fws.ch\/fr\/wp-json\/wp\/v2\/posts\/1092\/revisions"}],"predecessor-version":[{"id":14392,"href":"https:\/\/www.fws.ch\/fr\/wp-json\/wp\/v2\/posts\/1092\/revisions\/14392"}],"wp:attachment":[{"href":"https:\/\/www.fws.ch\/fr\/wp-json\/wp\/v2\/media?parent=1092"}],"wp:term":[{"taxonomy":"category","embeddable":true,"href":"https:\/\/www.fws.ch\/fr\/wp-json\/wp\/v2\/categories?post=1092"},{"taxonomy":"post_tag","embeddable":true,"href":"https:\/\/www.fws.ch\/fr\/wp-json\/wp\/v2\/tags?post=1092"}],"curies":[{"name":"wp","href":"https:\/\/api.w.org\/{rel}","templated":true}]}}