{"id":1096,"date":"2018-10-19T10:42:44","date_gmt":"2018-10-19T10:42:44","guid":{"rendered":"https:\/\/www.fws.ch\/?p=1096"},"modified":"2024-04-30T17:46:41","modified_gmt":"2024-04-30T17:46:41","slug":"secteur-assurance-qualite-pac","status":"publish","type":"post","link":"https:\/\/www.fws.ch\/fr\/secteur-assurance-qualite-pac\/","title":{"rendered":"Secteur Assurance-qualit\u00e9 PAC"},"content":{"rendered":"<p>Le Groupement professionnel suisse pour les pompes \u00e0 chaleur GSP est l\u2019instance reconnue par la Conf\u00e9d\u00e9ration et les cantons responsable du certificat de qualit\u00e9 pour les pompes \u00e0 chaleur. Le processus d\u2019obtention du Certificat de qualit\u00e9 PAC est bas\u00e9 sur le r\u00e8glement du Certificat de qualit\u00e9 de l\u2019EHPA et prend en compte la norme europ\u00e9enne de contr\u00f4le EN 14511. L\u2019obtention du Certificat de qualit\u00e9 se fait apr\u00e8s examen du dossier par la commission de certification du GSP. Cette derni\u00e8re est neutre et ind\u00e9pendante.<\/p>\n<h3>Responsable du secteur Assurance qualit\u00e9 PAC et pr\u00e9sident de la Commission Assurance qualit\u00e9 PAC<\/h3>\n<p>&nbsp;<\/p>\n<table class=\"nobg\" style=\"width: 49.9963%; height: 1266px;\" cellpadding=\"0\">\n<tbody>\n<tr style=\"height: 255px;\">\n<td style=\"width: 64.883%; height: 255px;\" valign=\"top\" width=\"100\"><img loading=\"lazy\" decoding=\"async\" class=\"alignnone wp-image-3976 size-medium\" src=\"https:\/\/www.fws.ch\/wp-content\/uploads\/2020\/09\/Genkinger_Andreas-e1599221894509-300x249.jpg\" alt=\"\" width=\"300\" height=\"249\" srcset=\"https:\/\/www.fws.ch\/wp-content\/uploads\/2020\/09\/Genkinger_Andreas-e1599221894509-300x249.jpg 300w, https:\/\/www.fws.ch\/wp-content\/uploads\/2020\/09\/Genkinger_Andreas-e1599221894509-620x515.jpg 620w, https:\/\/www.fws.ch\/wp-content\/uploads\/2020\/09\/Genkinger_Andreas-e1599221894509-405x336.jpg 405w, https:\/\/www.fws.ch\/wp-content\/uploads\/2020\/09\/Genkinger_Andreas-e1599221894509-240x199.jpg 240w, https:\/\/www.fws.ch\/wp-content\/uploads\/2020\/09\/Genkinger_Andreas-e1599221894509.jpg 768w\" sizes=\"auto, (max-width: 300px) 100vw, 300px\" \/><\/td>\n<td style=\"width: 5.3736%; height: 255px;\" valign=\"top\"><b>Andreas Genkinger<\/b><\/p>\n<p><strong>\u00a0<\/strong><\/td>\n<td style=\"width: 5.3736%; height: 255px;\"><b>\u00a0<\/b><\/td>\n<td style=\"width: 78.0066%; height: 255px;\" align=\"left\" valign=\"top\" width=\"200\">c\/o Institut Energie am Bau<br \/>\nFachhochschule Nordwestschweiz<br \/>\nHofackerstrasse 30<br \/>\n4132 Muttenz<br \/>\nTel. 061 228 55 42<br \/>\n<a href=\"mailto:qs-wp@fws.ch\">qs-wp@fws.ch<\/a><\/td>\n<\/tr>\n<tr style=\"height: 24px;\">\n<td style=\"width: 153.637%; height: 24px;\" colspan=\"4\" height=\"20\"><\/td>\n<\/tr>\n<tr style=\"height: 19px;\">\n<td style=\"width: 153.637%; height: 19px;\" colspan=\"4\" align=\"left\" valign=\"top\">\n<h3>Commission assurance qualit\u00e9 PAC<\/h3>\n<\/td>\n<\/tr>\n<tr style=\"height: 24px;\">\n<td style=\"width: 153.637%; height: 24px;\" colspan=\"4\" height=\"20\"><\/td>\n<\/tr>\n<tr style=\"height: 40px;\" align=\"left\" valign=\"top\">\n<td style=\"width: 64.883%; height: 120px;\" valign=\"top\"><img loading=\"lazy\" decoding=\"async\" class=\"alignnone wp-image-6943\" src=\"https:\/\/www.fws.ch\/wp-content\/uploads\/2021\/12\/Photo-Peter-187x300.png\" alt=\"\" width=\"82\" height=\"132\" srcset=\"https:\/\/www.fws.ch\/wp-content\/uploads\/2021\/12\/Photo-Peter-187x300.png 187w, https:\/\/www.fws.ch\/wp-content\/uploads\/2021\/12\/Photo-Peter-637x1024.png 637w, https:\/\/www.fws.ch\/wp-content\/uploads\/2021\/12\/Photo-Peter-768x1235.png 768w, https:\/\/www.fws.ch\/wp-content\/uploads\/2021\/12\/Photo-Peter-620x997.png 620w, https:\/\/www.fws.ch\/wp-content\/uploads\/2021\/12\/Photo-Peter-405x651.png 405w, https:\/\/www.fws.ch\/wp-content\/uploads\/2021\/12\/Photo-Peter-240x386.png 240w, https:\/\/www.fws.ch\/wp-content\/uploads\/2021\/12\/Photo-Peter.png 910w\" sizes=\"auto, (max-width: 82px) 100vw, 82px\" \/><\/td>\n<td style=\"width: 5.3736%; height: 120px;\" valign=\"top\"><strong>Peter Kurmann<br \/>\n<\/strong><\/td>\n<td style=\"width: 5.3736%; height: 120px;\"><strong>\u00a0<\/strong><\/td>\n<td style=\"width: 78.0066%; height: 120px;\" align=\"left\" valign=\"top\">EKZ Contracting SA<br \/>\nRue de Vevey 240<br \/>\n1630 Bulle<br \/>\nTel. 076 317 27 01<br \/>\n<a class=\"email\" href=\"mailto:peter.kurmann@ekz.ch\">peter.kurmann@ekz.ch<\/a><\/td>\n<\/tr>\n<tr style=\"height: 24px;\">\n<td style=\"width: 153.637%; height: 24px;\" colspan=\"4\" height=\"20\"><\/td>\n<\/tr>\n<tr style=\"height: 144px;\">\n<td style=\"width: 64.883%; height: 144px;\" align=\"left\" valign=\"top\"><img loading=\"lazy\" decoding=\"async\" title=\"\" src=\"https:\/\/www.fws.ch\/wp-content\/uploads\/2018\/09\/Eschmann_Michael.jpg\" alt=\"\" width=\"80\" height=\"108\" \/><\/td>\n<td style=\"width: 5.3736%; height: 144px;\" align=\"left\" valign=\"top\"><strong>Michael Eschmann<\/strong><\/td>\n<td style=\"width: 5.3736%; height: 144px;\"><strong>\u00a0<\/strong><\/td>\n<td style=\"width: 78.0066%; height: 144px;\" align=\"left\" valign=\"top\">NTB Interstaatliche Hochschule f\u00fcr Technik Buchs<br \/>\nWerdenbergstrasse 4<br \/>\n9470 Buchs<br \/>\nTel. 081 755 34 02<br \/>\n<a class=\"email\" href=\"mailto:michael.eschmann@ntb.ch\">michael.eschmann@ntb.ch<\/a><\/td>\n<\/tr>\n<tr style=\"height: 24px;\">\n<td style=\"width: 153.637%; height: 24px;\" colspan=\"4\" height=\"20\"><\/td>\n<\/tr>\n<tr style=\"height: 144px;\">\n<td style=\"width: 64.883%; height: 144px;\" align=\"left\" valign=\"top\"><img loading=\"lazy\" decoding=\"async\" title=\"\" src=\"https:\/\/www.fws.ch\/wp-content\/uploads\/2018\/09\/Generelli_Milton.jpg\" alt=\"\" width=\"80\" height=\"110\" \/><\/td>\n<td style=\"width: 5.3736%; height: 144px;\" align=\"left\" valign=\"top\"><strong>Milton Generelli<\/strong><\/td>\n<td style=\"width: 5.3736%; height: 144px;\"><strong>\u00a0<\/strong><\/td>\n<td style=\"width: 78.0066%; height: 144px;\" align=\"left\" valign=\"top\">Associazione TicinoEnergia<br \/>\nC\u00e0 bianca<br \/>\nVia San Giovanni 10<br \/>\n6500 Bellinzona<br \/>\nTel. 091 290 88 12<br \/>\n<a class=\"email\" href=\"mailto:milton.generelli@app-si.ch\"><span lang=\"DE\"><a href=\"mailto:milton.generelli@app-si.ch\">milton.generelli@app-si.ch<\/a><\/span><\/a><\/td>\n<\/tr>\n<tr style=\"height: 24px;\">\n<td style=\"width: 153.637%; height: 24px;\" colspan=\"4\" height=\"20\"><\/td>\n<\/tr>\n<tr style=\"height: 144px;\" align=\"left\" valign=\"top\">\n<td style=\"width: 64.883%; height: 144px;\" align=\"left\" valign=\"top\"><img loading=\"lazy\" decoding=\"async\" title=\"\" src=\"https:\/\/www.fws.ch\/wp-content\/uploads\/2018\/09\/Montani_Andre.jpg\" alt=\"\" width=\"80\" height=\"107\" \/><\/td>\n<td style=\"width: 5.3736%; height: 144px;\" align=\"left\" valign=\"top\"><strong>Andr\u00e9 Montani<\/strong><\/td>\n<td style=\"width: 5.3736%; height: 144px;\"><strong>\u00a0<\/strong><\/td>\n<td style=\"width: 78.0066%; height: 144px;\" align=\"left\" valign=\"top\">Elektrizit\u00e4tswerke des Kantons Z\u00fcrich EKZ<br \/>\nPostfach<br \/>\n8022 Z\u00fcrich<br \/>\nTel. 044 207 58 42<br \/>\n<a class=\"email\" href=\"mailto:andre.montani@ekz.ch\">andre.montani@ekz.ch<\/a><\/td>\n<\/tr>\n<tr style=\"height: 24px;\">\n<td style=\"width: 153.637%; height: 24px;\" colspan=\"4\" height=\"20\"><\/td>\n<\/tr>\n<tr style=\"height: 128px;\">\n<td style=\"width: 64.883%; height: 128px;\" valign=\"top\" width=\"100\"><strong><img loading=\"lazy\" decoding=\"async\" title=\"\" src=\"https:\/\/www.fws.ch\/wp-content\/uploads\/2018\/09\/Gianluca_Brullo.jpg\" alt=\"\" width=\"81\" height=\"121\" \/><\/strong><\/td>\n<td style=\"width: 5.3736%; height: 128px;\" valign=\"top\"><strong>Gianluca Brullo<\/strong><strong>\u00a0<\/strong><\/p>\n<p><strong>\u00a0<\/strong><\/td>\n<td style=\"width: 5.3736%; height: 128px;\"><strong>\u00a0<\/strong><\/td>\n<td style=\"width: 78.0066%; height: 128px;\" align=\"left\" valign=\"top\" width=\"200\">Glen Dimplex Swiss AG<br \/>\nRichtistrasse 7<br \/>\n8304 Wallisellen<br \/>\nTel. 044 562 01 71<br \/>\n<a class=\"email\" href=\"mailto:gianluca.brullo@gdts.one\">gianluca.brullo@gdts.one<\/a><\/td>\n<\/tr>\n<tr style=\"height: 24px;\">\n<td style=\"width: 153.637%; height: 24px;\" colspan=\"4\" height=\"20\"><\/td>\n<\/tr>\n<tr style=\"height: 40px;\" align=\"left\" valign=\"top\">\n<td style=\"width: 64.883%; height: 120px;\" valign=\"top\"><img loading=\"lazy\" decoding=\"async\" class=\"alignnone wp-image-6940 \" src=\"https:\/\/www.fws.ch\/wp-content\/uploads\/2021\/12\/DIG-e1640782947985-242x300.png\" alt=\"\" width=\"83\" height=\"103\" srcset=\"https:\/\/www.fws.ch\/wp-content\/uploads\/2021\/12\/DIG-e1640782947985-242x300.png 242w, https:\/\/www.fws.ch\/wp-content\/uploads\/2021\/12\/DIG-e1640782947985-240x297.png 240w, https:\/\/www.fws.ch\/wp-content\/uploads\/2021\/12\/DIG-e1640782947985.png 337w\" sizes=\"auto, (max-width: 83px) 100vw, 83px\" \/><\/td>\n<td style=\"width: 5.3736%; height: 120px;\" valign=\"top\"><strong>Dimas Guerra<br \/>\n<\/strong><\/td>\n<td style=\"width: 5.3736%; height: 120px;\"><strong>\u00a0<\/strong><\/td>\n<td style=\"width: 78.0066%; height: 120px;\" align=\"left\" valign=\"top\">CTA AG<br \/>\nHunzikenstrasse 2<br \/>\n3110 M\u00fcnsingen<br \/>\nTel: 031 720 10 00<br \/>\n<a class=\"email\" href=\"mailto:dimas.guerra@cta.ch\">dimas.guerra@cta.ch<\/a><\/td>\n<\/tr>\n<tr style=\"height: 24px;\">\n<td style=\"width: 153.637%; height: 24px;\" colspan=\"4\" height=\"20\"><\/td>\n<\/tr>\n<\/tbody>\n<\/table>\n<p>&nbsp;<\/p>\n<p>&nbsp;<\/p>\n","protected":false},"excerpt":{"rendered":"<p>Le Groupement professionnel suisse pour les pompes \u00e0 chaleur GSP est l\u2019instance reconnue par la Conf\u00e9d\u00e9ration et les cantons responsable du certificat de qualit\u00e9 pour les pompes \u00e0 chaleur. Le processus d\u2019obtention du Certificat de qualit\u00e9 PAC est bas\u00e9 sur le r\u00e8glement du Certificat de qualit\u00e9 de l\u2019EHPA et prend en compte la norme europ\u00e9enne&#8230;<\/p>\n","protected":false},"author":5,"featured_media":0,"comment_status":"open","ping_status":"closed","sticky":false,"template":"","format":"standard","meta":{"footnotes":""},"categories":[24],"tags":[],"class_list":["post-1096","post","type-post","status-publish","format-standard","hentry","category-secteurs-dactivites"],"_links":{"self":[{"href":"https:\/\/www.fws.ch\/fr\/wp-json\/wp\/v2\/posts\/1096","targetHints":{"allow":["GET"]}}],"collection":[{"href":"https:\/\/www.fws.ch\/fr\/wp-json\/wp\/v2\/posts"}],"about":[{"href":"https:\/\/www.fws.ch\/fr\/wp-json\/wp\/v2\/types\/post"}],"author":[{"embeddable":true,"href":"https:\/\/www.fws.ch\/fr\/wp-json\/wp\/v2\/users\/5"}],"replies":[{"embeddable":true,"href":"https:\/\/www.fws.ch\/fr\/wp-json\/wp\/v2\/comments?post=1096"}],"version-history":[{"count":8,"href":"https:\/\/www.fws.ch\/fr\/wp-json\/wp\/v2\/posts\/1096\/revisions"}],"predecessor-version":[{"id":12756,"href":"https:\/\/www.fws.ch\/fr\/wp-json\/wp\/v2\/posts\/1096\/revisions\/12756"}],"wp:attachment":[{"href":"https:\/\/www.fws.ch\/fr\/wp-json\/wp\/v2\/media?parent=1096"}],"wp:term":[{"taxonomy":"category","embeddable":true,"href":"https:\/\/www.fws.ch\/fr\/wp-json\/wp\/v2\/categories?post=1096"},{"taxonomy":"post_tag","embeddable":true,"href":"https:\/\/www.fws.ch\/fr\/wp-json\/wp\/v2\/tags?post=1096"}],"curies":[{"name":"wp","href":"https:\/\/api.w.org\/{rel}","templated":true}]}}