{"id":13338,"date":"2024-08-27T11:55:45","date_gmt":"2024-08-27T11:55:45","guid":{"rendered":"https:\/\/www.fws.ch\/?p=13338"},"modified":"2025-08-12T13:20:30","modified_gmt":"2025-08-12T13:20:30","slug":"f-a-q-sur-lordonnance-sur-la-protection-contre-le-bruit-opb","status":"publish","type":"post","link":"https:\/\/www.fws.ch\/fr\/f-a-q-sur-lordonnance-sur-la-protection-contre-le-bruit-opb\/","title":{"rendered":"F.A.Q sur l&#8217;ordonnance sur la protection contre le bruit (OPB)"},"content":{"rendered":"<p>Gr\u00e2ce \u00e0 l&#8217;offre du \u00ab Bureau de coordination bruit et protection contre le bruit \u00bb, nous avons l&#8217;occasion d&#8217;identifier les incertitudes, les marges d&#8217;interpr\u00e9tation et les diff\u00e9rentes mesures d&#8217;ex\u00e9cution dans les cantons et les communes.<\/p>\r\n<p>Le GSP traite les questions mentionn\u00e9es et s&#8217;engage pour une ex\u00e9cution aussi uniforme que possible dans toute la Suisse (ce qui correspond \u00e0 la demande du Conseil f\u00e9d\u00e9ral). Nous avons rassembl\u00e9 pour vous les questions et les r\u00e9ponses les plus fr\u00e9quentes. Certaines r\u00e9ponses sont d\u00e9crites plus en d\u00e9tail dans une lettre d&#8217;information.<\/p>\r\n<p><a href=\"https:\/\/www.fws.ch\/fr\/f-a-q-sur-lordonnance-sur-la-protection-contre-le-bruit-opb\/\">&gt;&gt; Voir la F.A.Q<\/a><\/p>\r\n\r\n\r\n<div  class=\"ewd-ufaq-faq-list ewd-ufaq-page-type-distinct ewd-ufaq-category-tabs-\" id='ewd-ufaq-faq-list'>\n\n\t<input type='hidden' name='show_on_load' value='' id='ewd-ufaq-show-on-load' \/>\n<input type='hidden' name='include_category' value='ordonnancesurlaprotectioncontrelebruit' id='ewd-ufaq-include-category' \/>\n<input type='hidden' name='exclude_category' value='' id='ewd-ufaq-exclude-category' \/>\n<input type='hidden' name='orderby' value='set_order' id='ewd-ufaq-orderby' \/>\n<input type='hidden' name='order' value='desc' id='ewd-ufaq-order' \/>\n<input type='hidden' name='post_count' value='-1' id='ewd-ufaq-post-count' \/>\n<input type='hidden' name='current_url' value='\/fr\/wp-json\/wp\/v2\/posts\/13338' id='ewd-ufaq-current-url' \/>\n\t\n\t\n\t<div class='ewd-ufaq-faqs'>\n\n\t\t<div  class=\"ewd-ufaq-faq-div ewd-ufaq-faq-column-count-one ewd-ufaq-faq-responsive-columns- ewd-ufaq-faq-display-style-default ewd-ufaq-can-be-toggled\" id='ewd-ufaq-post-13347-9nZhMG3xnv' data-post_id='13347'>\n\n\t\t\n\t<div class='ewd-ufaq-faq-title ewd-ufaq-faq-toggle'>\n\t\n\t<a class='ewd-ufaq-post-margin'  href='#' role=\"button\">\n\n\t\t<div class='ewd-ufaq-post-margin-symbol ewd-ufaq-'>\n\t\t\t<span >a<\/span>\n\t\t<\/div>\n\n\t\t<div class='ewd-ufaq-faq-title-text'>\n\n\t\t\t<h4>\n\t\t\t\tQui doit payer les co\u00fbts d\u2019une op\u00e9ration de mesure et\/ou d\u2019une proc\u00e9dure judiciaire s\u2019il se trouve que la plainte contre le bruit est justifi\u00e9e ?\t\t\t<\/h4>\n\n\t\t<\/div>\n\n\t\t<div class='ewd-ufaq-clear'><\/div>\n\n\t<\/a>\n\t\n<\/div>\n\t\n\t<div class='ewd-ufaq-faq-body ewd-ufaq-hidden' >\n\n\t\t\n\t\t\t\n\t\t\n\t\t\t<div class='ewd-ufaq-post-margin ewd-ufaq-faq-post'>\n\t<p>Le propri\u00e9taire peut \u00e9ventuellement se retourner contre l\u2019entrepreneur\/l\u2019installateur selon la formulation du contrat d\u2019entreprise.<\/p>\n<\/div>\n\t\t\n\t\t\t\n\t\t\n\t\t\t\n\t\t\n\t\t\t\n\t\t\n\t\t\t\n\t\t\n\t\t\t\n\t\t\n\t\t\t\n\t\t\n\t\t\t\n\t\t\n\t\t\t\n\t\t\n\t<\/div>\n\n<\/div><div  class=\"ewd-ufaq-faq-div ewd-ufaq-faq-column-count-one ewd-ufaq-faq-responsive-columns- ewd-ufaq-faq-display-style-default ewd-ufaq-can-be-toggled\" id='ewd-ufaq-post-13374-6swYsu3Urz' data-post_id='13374'>\n\n\t\t\n\t<div class='ewd-ufaq-faq-title ewd-ufaq-faq-toggle'>\n\t\n\t<a class='ewd-ufaq-post-margin'  href='#' role=\"button\">\n\n\t\t<div class='ewd-ufaq-post-margin-symbol ewd-ufaq-'>\n\t\t\t<span >a<\/span>\n\t\t<\/div>\n\n\t\t<div class='ewd-ufaq-faq-title-text'>\n\n\t\t\t<h4>\n\t\t\t\tQue signifie pr\u00e9cis\u00e9ment le principe de pr\u00e9caution\u00a0?\t\t\t<\/h4>\n\n\t\t<\/div>\n\n\t\t<div class='ewd-ufaq-clear'><\/div>\n\n\t<\/a>\n\t\n<\/div>\n\t\n\t<div class='ewd-ufaq-faq-body ewd-ufaq-hidden' >\n\n\t\t\n\t\t\t\n\t\t\n\t\t\t<div class='ewd-ufaq-post-margin ewd-ufaq-faq-post'>\n\t\n<p>L\u2019ordonnance sur la protection de l\u2019environnement et celle sur la protection contre le bruit d\u00e9finissent le principe de pr\u00e9caution comme principe o\u00f9, pour limiter les \u00e9ventuelles nuisances sonores, il faut tout entreprendre dans la mesure o\u00f9 cela est techniquement r\u00e9alisable et \u00e9conomiquement supportable. Ainsi, \u00e0 partir du 01.11.2024, il faudra obtenir une r\u00e9duction sonore de plus de 3&nbsp;dbA, avec moins de 1&nbsp;% des investissements pour les installations de pompes \u00e0 chaleur.<\/p>\n\n\n<\/div>\n\t\t\n\t\t\t\n\t\t\n\t\t\t\n\t\t\n\t\t\t\n\t\t\n\t\t\t\n\t\t\n\t\t\t\n\t\t\n\t\t\t\n\t\t\n\t\t\t\n\t\t\n\t\t\t\n\t\t\n\t<\/div>\n\n<\/div><div  class=\"ewd-ufaq-faq-div ewd-ufaq-faq-column-count-one ewd-ufaq-faq-responsive-columns- ewd-ufaq-faq-display-style-default ewd-ufaq-can-be-toggled\" id='ewd-ufaq-post-13375-wjv5G88DGS' data-post_id='13375'>\n\n\t\t\n\t<div class='ewd-ufaq-faq-title ewd-ufaq-faq-toggle'>\n\t\n\t<a class='ewd-ufaq-post-margin'  href='#' role=\"button\">\n\n\t\t<div class='ewd-ufaq-post-margin-symbol ewd-ufaq-'>\n\t\t\t<span >a<\/span>\n\t\t<\/div>\n\n\t\t<div class='ewd-ufaq-faq-title-text'>\n\n\t\t\t<h4>\n\t\t\t\tEn cas de plainte, la mesure devrait \u00eatre effectu\u00e9e avec une temp\u00e9rature ext\u00e9rieure de +2\u00a0\u00b0C. Comment cela se passe dans la pratique\u00a0?\t\t\t<\/h4>\n\n\t\t<\/div>\n\n\t\t<div class='ewd-ufaq-clear'><\/div>\n\n\t<\/a>\n\t\n<\/div>\n\t\n\t<div class='ewd-ufaq-faq-body ewd-ufaq-hidden' >\n\n\t\t\n\t\t\t\n\t\t\n\t\t\t<div class='ewd-ufaq-post-margin ewd-ufaq-faq-post'>\n\t\n<p>Ce point de mesure n\u2019entrera en vigueur qu\u2019\u00e0 compter du 01.11.2024. L\u2019industrie se pr\u00e9pare pour cette valeur et pour cette date. L\u2019Office f\u00e9d\u00e9ral de l\u2019environnement va cr\u00e9er des moyens de conversion permettant de convertir une mesure \u00e0 la valeur +2&nbsp;\u00b0C en cas de temp\u00e9rature diff\u00e9rente.<\/p>\n<\/div>\n\t\t\n\t\t\t\n\t\t\n\t\t\t\n\t\t\n\t\t\t\n\t\t\n\t\t\t\n\t\t\n\t\t\t\n\t\t\n\t\t\t\n\t\t\n\t\t\t\n\t\t\n\t\t\t\n\t\t\n\t<\/div>\n\n<\/div><div  class=\"ewd-ufaq-faq-div ewd-ufaq-faq-column-count-one ewd-ufaq-faq-responsive-columns- ewd-ufaq-faq-display-style-default ewd-ufaq-can-be-toggled\" id='ewd-ufaq-post-13376-5yPWN8Jpq9' data-post_id='13376'>\n\n\t\t\n\t<div class='ewd-ufaq-faq-title ewd-ufaq-faq-toggle'>\n\t\n\t<a class='ewd-ufaq-post-margin'  href='#' role=\"button\">\n\n\t\t<div class='ewd-ufaq-post-margin-symbol ewd-ufaq-'>\n\t\t\t<span >a<\/span>\n\t\t<\/div>\n\n\t\t<div class='ewd-ufaq-faq-title-text'>\n\n\t\t\t<h4>\n\t\t\t\tQui est responsable des valeurs dans la base de donn\u00e9es sonores\u00a0?\t\t\t<\/h4>\n\n\t\t<\/div>\n\n\t\t<div class='ewd-ufaq-clear'><\/div>\n\n\t<\/a>\n\t\n<\/div>\n\t\n\t<div class='ewd-ufaq-faq-body ewd-ufaq-hidden' >\n\n\t\t\n\t\t\t\n\t\t\n\t\t\t<div class='ewd-ufaq-post-margin ewd-ufaq-faq-post'>\n\t\n<p>Les fabricants\/fournisseurs de pompes \u00e0 chaleur entrent eux-m\u00eames les valeurs dans la base de donn\u00e9es. Les donn\u00e9es indiqu\u00e9es sont juridiquement contraignantes. Le GSP contr\u00f4le, \u00e0 intervalles r\u00e9guliers, la plausibilit\u00e9 des indications et les compare aux indications figurant dans la base de donn\u00e9es \u00e9trang\u00e8re.<\/p>\n<\/div>\n\t\t\n\t\t\t\n\t\t\n\t\t\t\n\t\t\n\t\t\t\n\t\t\n\t\t\t\n\t\t\n\t\t\t\n\t\t\n\t\t\t\n\t\t\n\t\t\t\n\t\t\n\t\t\t\n\t\t\n\t<\/div>\n\n<\/div><div  class=\"ewd-ufaq-faq-div ewd-ufaq-faq-column-count-one ewd-ufaq-faq-responsive-columns- ewd-ufaq-faq-display-style-default ewd-ufaq-can-be-toggled\" id='ewd-ufaq-post-13377-o9taGKUKvD' data-post_id='13377'>\n\n\t\t\n\t<div class='ewd-ufaq-faq-title ewd-ufaq-faq-toggle'>\n\t\n\t<a class='ewd-ufaq-post-margin'  href='#' role=\"button\">\n\n\t\t<div class='ewd-ufaq-post-margin-symbol ewd-ufaq-'>\n\t\t\t<span >a<\/span>\n\t\t<\/div>\n\n\t\t<div class='ewd-ufaq-faq-title-text'>\n\n\t\t\t<h4>\n\t\t\t\tAttention\u00a0! Les joints de fen\u00eatre ne sont pas \u00e9tanches au gaz\u00a0; ceci pourrait pr\u00e9senter un probl\u00e8me en pr\u00e9sence de pompes \u00e0 chaleur utilisant le propane comme fluide frigorig\u00e8ne.\t\t\t<\/h4>\n\n\t\t<\/div>\n\n\t\t<div class='ewd-ufaq-clear'><\/div>\n\n\t<\/a>\n\t\n<\/div>\n\t\n\t<div class='ewd-ufaq-faq-body ewd-ufaq-hidden' >\n\n\t\t\n\t\t\t\n\t\t\n\t\t\t<div class='ewd-ufaq-post-margin ewd-ufaq-faq-post'>\n\t\n<p>Merci pour la remarque que nous jugeons vraie sur le principe. Mais nous pensons que le propane se dissipe en cas de fuite et ne pr\u00e9sente pas de danger.<\/p>\n<\/div>\n\t\t\n\t\t\t\n\t\t\n\t\t\t\n\t\t\n\t\t\t\n\t\t\n\t\t\t\n\t\t\n\t\t\t\n\t\t\n\t\t\t\n\t\t\n\t\t\t\n\t\t\n\t\t\t\n\t\t\n\t<\/div>\n\n<\/div><div  class=\"ewd-ufaq-faq-div ewd-ufaq-faq-column-count-one ewd-ufaq-faq-responsive-columns- ewd-ufaq-faq-display-style-default ewd-ufaq-can-be-toggled\" id='ewd-ufaq-post-13378-OAMAPEQ2Od' data-post_id='13378'>\n\n\t\t\n\t<div class='ewd-ufaq-faq-title ewd-ufaq-faq-toggle'>\n\t\n\t<a class='ewd-ufaq-post-margin'  href='#' role=\"button\">\n\n\t\t<div class='ewd-ufaq-post-margin-symbol ewd-ufaq-'>\n\t\t\t<span >a<\/span>\n\t\t<\/div>\n\n\t\t<div class='ewd-ufaq-faq-title-text'>\n\n\t\t\t<h4>\n\t\t\t\tDans une maison individuelle avec logement ind\u00e9pendant, est-ce la fen\u00eatre de celle-ci ou celle du logement ind\u00e9pendant qui compte\u00a0?\t\t\t<\/h4>\n\n\t\t<\/div>\n\n\t\t<div class='ewd-ufaq-clear'><\/div>\n\n\t<\/a>\n\t\n<\/div>\n\t\n\t<div class='ewd-ufaq-faq-body ewd-ufaq-hidden' >\n\n\t\t\n\t\t\t\n\t\t\n\t\t\t<div class='ewd-ufaq-post-margin ewd-ufaq-faq-post'>\n\t\n<p>D\u2019apr\u00e8s l\u2019attestation de protection contre le bruit, c\u2019est la fen\u00eatre du local sensible au bruit du b\u00e2timent voisin qui compte. Aucun\u00b7e propri\u00e9taire de maison individuelle n\u2019a d\u2019int\u00e9r\u00eat \u00e0 s\u2019infliger des nuisances ou \u00e0 d\u00e9ranger le\/la locataire du logement ind\u00e9pendant (cf. possibilit\u00e9s dans le droit de bail).<\/p>\n<\/div>\n\t\t\n\t\t\t\n\t\t\n\t\t\t\n\t\t\n\t\t\t\n\t\t\n\t\t\t\n\t\t\n\t\t\t\n\t\t\n\t\t\t\n\t\t\n\t\t\t\n\t\t\n\t\t\t\n\t\t\n\t<\/div>\n\n<\/div><div  class=\"ewd-ufaq-faq-div ewd-ufaq-faq-column-count-one ewd-ufaq-faq-responsive-columns- ewd-ufaq-faq-display-style-default ewd-ufaq-can-be-toggled\" id='ewd-ufaq-post-13379-UKHwVkv8zK' data-post_id='13379'>\n\n\t\t\n\t<div class='ewd-ufaq-faq-title ewd-ufaq-faq-toggle'>\n\t\n\t<a class='ewd-ufaq-post-margin'  href='#' role=\"button\">\n\n\t\t<div class='ewd-ufaq-post-margin-symbol ewd-ufaq-'>\n\t\t\t<span >a<\/span>\n\t\t<\/div>\n\n\t\t<div class='ewd-ufaq-faq-title-text'>\n\n\t\t\t<h4>\n\t\t\t\tComment se r\u00e9percute le passage du bruit max. au bruit \u00e0 +2\u00a0\u00b0C sur la distance jusqu\u2019\u00e0 la fen\u00eatre d\u2019un local sensible au bruit\u00a0?\t\t\t<\/h4>\n\n\t\t<\/div>\n\n\t\t<div class='ewd-ufaq-clear'><\/div>\n\n\t<\/a>\n\t\n<\/div>\n\t\n\t<div class='ewd-ufaq-faq-body ewd-ufaq-hidden' >\n\n\t\t\n\t\t\t\n\t\t\n\t\t\t<div class='ewd-ufaq-post-margin ewd-ufaq-faq-post'>\n\t\n<p>Il n\u2019y a pas d\u2019\u00e9valuations syst\u00e9matiques. Nous pensons que les distances sont plut\u00f4t plus petites.<\/p>\n<\/div>\n\t\t\n\t\t\t\n\t\t\n\t\t\t\n\t\t\n\t\t\t\n\t\t\n\t\t\t\n\t\t\n\t\t\t\n\t\t\n\t\t\t\n\t\t\n\t\t\t\n\t\t\n\t\t\t\n\t\t\n\t<\/div>\n\n<\/div><div  class=\"ewd-ufaq-faq-div ewd-ufaq-faq-column-count-one ewd-ufaq-faq-responsive-columns- ewd-ufaq-faq-display-style-default ewd-ufaq-can-be-toggled\" id='ewd-ufaq-post-13380-232MZ5rU6N' data-post_id='13380'>\n\n\t\t\n\t<div class='ewd-ufaq-faq-title ewd-ufaq-faq-toggle'>\n\t\n\t<a class='ewd-ufaq-post-margin'  href='#' role=\"button\">\n\n\t\t<div class='ewd-ufaq-post-margin-symbol ewd-ufaq-'>\n\t\t\t<span >a<\/span>\n\t\t<\/div>\n\n\t\t<div class='ewd-ufaq-faq-title-text'>\n\n\t\t\t<h4>\n\t\t\t\tQu\u2019en est-il dans les appartements en copropri\u00e9t\u00e9\u00a0?\t\t\t<\/h4>\n\n\t\t<\/div>\n\n\t\t<div class='ewd-ufaq-clear'><\/div>\n\n\t<\/a>\n\t\n<\/div>\n\t\n\t<div class='ewd-ufaq-faq-body ewd-ufaq-hidden' >\n\n\t\t\n\t\t\t\n\t\t\n\t\t\t<div class='ewd-ufaq-post-margin ewd-ufaq-faq-post'>\n\t\n<p>Si tous les appartements devaient accueillir leur propre installation de pompe \u00e0 chaleur, il faudrait tenir compte de la fen\u00eatre du local sensible au bruit de l\u2019appartement voisin.<\/p>\n<\/div>\n\t\t\n\t\t\t\n\t\t\n\t\t\t\n\t\t\n\t\t\t\n\t\t\n\t\t\t\n\t\t\n\t\t\t\n\t\t\n\t\t\t\n\t\t\n\t\t\t\n\t\t\n\t\t\t\n\t\t\n\t<\/div>\n\n<\/div><div  class=\"ewd-ufaq-faq-div ewd-ufaq-faq-column-count-one ewd-ufaq-faq-responsive-columns- ewd-ufaq-faq-display-style-default ewd-ufaq-can-be-toggled\" id='ewd-ufaq-post-13382-DsSVfGyOJG' data-post_id='13382'>\n\n\t\t\n\t<div class='ewd-ufaq-faq-title ewd-ufaq-faq-toggle'>\n\t\n\t<a class='ewd-ufaq-post-margin'  href='#' role=\"button\">\n\n\t\t<div class='ewd-ufaq-post-margin-symbol ewd-ufaq-'>\n\t\t\t<span >a<\/span>\n\t\t<\/div>\n\n\t\t<div class='ewd-ufaq-faq-title-text'>\n\n\t\t\t<h4>\n\t\t\t\tLe permis de construire s\u2019applique-t-il aussi avec une installation int\u00e9rieure\u00a0?\t\t\t<\/h4>\n\n\t\t<\/div>\n\n\t\t<div class='ewd-ufaq-clear'><\/div>\n\n\t<\/a>\n\t\n<\/div>\n\t\n\t<div class='ewd-ufaq-faq-body ewd-ufaq-hidden' >\n\n\t\t\n\t\t\t\n\t\t\n\t\t\t<div class='ewd-ufaq-post-margin ewd-ufaq-faq-post'>\n\t\n<p>Oui, mais il faut compl\u00e9ter malgr\u00e9 tout le formulaire d\u2019attestation de protection contre le bruit.<\/p>\n<\/div>\n\t\t\n\t\t\t\n\t\t\n\t\t\t\n\t\t\n\t\t\t\n\t\t\n\t\t\t\n\t\t\n\t\t\t\n\t\t\n\t\t\t\n\t\t\n\t\t\t\n\t\t\n\t\t\t\n\t\t\n\t<\/div>\n\n<\/div><div  class=\"ewd-ufaq-faq-div ewd-ufaq-faq-column-count-one ewd-ufaq-faq-responsive-columns- ewd-ufaq-faq-display-style-default ewd-ufaq-can-be-toggled\" id='ewd-ufaq-post-13383-ccAFNGwEFQ' data-post_id='13383'>\n\n\t\t\n\t<div class='ewd-ufaq-faq-title ewd-ufaq-faq-toggle'>\n\t\n\t<a class='ewd-ufaq-post-margin'  href='#' role=\"button\">\n\n\t\t<div class='ewd-ufaq-post-margin-symbol ewd-ufaq-'>\n\t\t\t<span >a<\/span>\n\t\t<\/div>\n\n\t\t<div class='ewd-ufaq-faq-title-text'>\n\n\t\t\t<h4>\n\t\t\t\tComment doit-on \u00e9valuer un bureau\u00a0? La maison pourrait-elle \u00eatre vendue et le bureau transform\u00e9 en chambre\u00a0?\t\t\t<\/h4>\n\n\t\t<\/div>\n\n\t\t<div class='ewd-ufaq-clear'><\/div>\n\n\t<\/a>\n\t\n<\/div>\n\t\n\t<div class='ewd-ufaq-faq-body ewd-ufaq-hidden' >\n\n\t\t\n\t\t\t\n\t\t\n\t\t\t<div class='ewd-ufaq-post-margin ewd-ufaq-faq-post'>\n\t\n<p>Un permis de construire et une attestation de protection contre le bruit sont d\u00e9terminants pour le projet actuel. Il ne faut pas tenir compte des \u00e9ventuels changements sur le court ou long terme.<\/p>\n<\/div>\n\t\t\n\t\t\t\n\t\t\n\t\t\t\n\t\t\n\t\t\t\n\t\t\n\t\t\t\n\t\t\n\t\t\t\n\t\t\n\t\t\t\n\t\t\n\t\t\t\n\t\t\n\t\t\t\n\t\t\n\t<\/div>\n\n<\/div><div  class=\"ewd-ufaq-faq-div ewd-ufaq-faq-column-count-one ewd-ufaq-faq-responsive-columns- ewd-ufaq-faq-display-style-default ewd-ufaq-can-be-toggled\" id='ewd-ufaq-post-13384-mq0vWEMocE' data-post_id='13384'>\n\n\t\t\n\t<div class='ewd-ufaq-faq-title ewd-ufaq-faq-toggle'>\n\t\n\t<a class='ewd-ufaq-post-margin'  href='#' role=\"button\">\n\n\t\t<div class='ewd-ufaq-post-margin-symbol ewd-ufaq-'>\n\t\t\t<span >a<\/span>\n\t\t<\/div>\n\n\t\t<div class='ewd-ufaq-faq-title-text'>\n\n\t\t\t<h4>\n\t\t\t\tLa puissance de chauffage en mode silencieux est-elle d\u00e9finie\u00a0?\t\t\t<\/h4>\n\n\t\t<\/div>\n\n\t\t<div class='ewd-ufaq-clear'><\/div>\n\n\t<\/a>\n\t\n<\/div>\n\t\n\t<div class='ewd-ufaq-faq-body ewd-ufaq-hidden' >\n\n\t\t\n\t\t\t\n\t\t\n\t\t\t<div class='ewd-ufaq-post-margin ewd-ufaq-faq-post'>\n\t\n<p>Le mode silencieux vise \u00e0 respecter la valeur de planification Nuit. Dans le r\u00e8glement sur les donn\u00e9es sonores, il est stipul\u00e9 qu\u2019au moins 50&nbsp;% de la puissance de chauffage maximale puisse \u00eatre atteinte en mode silencieux.<\/p>\n<\/div>\n\t\t\n\t\t\t\n\t\t\n\t\t\t\n\t\t\n\t\t\t\n\t\t\n\t\t\t\n\t\t\n\t\t\t\n\t\t\n\t\t\t\n\t\t\n\t\t\t\n\t\t\n\t\t\t\n\t\t\n\t<\/div>\n\n<\/div><div  class=\"ewd-ufaq-faq-div ewd-ufaq-faq-column-count-one ewd-ufaq-faq-responsive-columns- ewd-ufaq-faq-display-style-default ewd-ufaq-can-be-toggled\" id='ewd-ufaq-post-13386-Mbpgvp0xVW' data-post_id='13386'>\n\n\t\t\n\t<div class='ewd-ufaq-faq-title ewd-ufaq-faq-toggle'>\n\t\n\t<a class='ewd-ufaq-post-margin'  href='#' role=\"button\">\n\n\t\t<div class='ewd-ufaq-post-margin-symbol ewd-ufaq-'>\n\t\t\t<span >a<\/span>\n\t\t<\/div>\n\n\t\t<div class='ewd-ufaq-faq-title-text'>\n\n\t\t\t<h4>\n\t\t\t\tPeut-on d\u00e9terminer soi-m\u00eame si la fen\u00eatre de sa fa\u00e7ade ou du b\u00e2timent voisin peut \u00eatre choisie\u00a0?\t\t\t<\/h4>\n\n\t\t<\/div>\n\n\t\t<div class='ewd-ufaq-clear'><\/div>\n\n\t<\/a>\n\t\n<\/div>\n\t\n\t<div class='ewd-ufaq-faq-body ewd-ufaq-hidden' >\n\n\t\t\n\t\t\t\n\t\t\n\t\t\t<div class='ewd-ufaq-post-margin ewd-ufaq-faq-post'>\n\t\n<p>En principe, l\u2019autorit\u00e9 d\u2019ex\u00e9cution du canton ou de la commune prend la d\u00e9cision. On recommande toujours d\u2019\u00e9valuer les situations de mani\u00e8re opportuniste et de discuter de sa propre \u00e9valuation avec l\u2019Office des constructions.<\/p>\n<\/div>\n\t\t\n\t\t\t\n\t\t\n\t\t\t\n\t\t\n\t\t\t\n\t\t\n\t\t\t\n\t\t\n\t\t\t\n\t\t\n\t\t\t\n\t\t\n\t\t\t\n\t\t\n\t\t\t\n\t\t\n\t<\/div>\n\n<\/div><div  class=\"ewd-ufaq-faq-div ewd-ufaq-faq-column-count-one ewd-ufaq-faq-responsive-columns- ewd-ufaq-faq-display-style-default ewd-ufaq-can-be-toggled\" id='ewd-ufaq-post-13381-VPy6Huagbh' data-post_id='13381'>\n\n\t\t\n\t<div class='ewd-ufaq-faq-title ewd-ufaq-faq-toggle'>\n\t\n\t<a class='ewd-ufaq-post-margin'  href='#' role=\"button\">\n\n\t\t<div class='ewd-ufaq-post-margin-symbol ewd-ufaq-'>\n\t\t\t<span >a<\/span>\n\t\t<\/div>\n\n\t\t<div class='ewd-ufaq-faq-title-text'>\n\n\t\t\t<h4>\n\t\t\t\tPourquoi l\u2019attestation de protection contre le bruit du Cercle Bruit n\u2019est pas accept\u00e9e dans le canton de Saint-Gall\u00a0? Cela va-t-il changer \u00e0 l\u2019avenir\u00a0? Conform\u00e9ment au f\u00e9d\u00e9ralisme, une ex\u00e9cution autonome est possible, mais pas judicieuse \u00e0 notre avis. Elle pr\u00e9sente des sources d\u2019erreurs pour les fournisseurs, les planificateurs, les installateurs et les autorit\u00e9s d\u2019ex\u00e9cution. Si les r\u00e9unions avec les autorit\u00e9s ne portent pas leurs fruits, nous interviendrons aupr\u00e8s du parlement cantonal.\t\t\t<\/h4>\n\n\t\t<\/div>\n\n\t\t<div class='ewd-ufaq-clear'><\/div>\n\n\t<\/a>\n\t\n<\/div>\n\t\n\t<div class='ewd-ufaq-faq-body ewd-ufaq-hidden' >\n\n\t\t\n\t\t\t\n\t\t\n\t\t\t<div class='ewd-ufaq-post-margin ewd-ufaq-faq-post'>\n\t\n<p>Nous nous posons aussi ces questions. Le GSP s\u2019efforce de motiver le canton de Saint-Gall \u00e0 appliquer la pratique qui a fait ses preuves dans les autres cantons suisses.<\/p>\n<\/div>\n\t\t\n\t\t\t\n\t\t\n\t\t\t\n\t\t\n\t\t\t\n\t\t\n\t\t\t\n\t\t\n\t\t\t\n\t\t\n\t\t\t\n\t\t\n\t\t\t\n\t\t\n\t\t\t\n\t\t\n\t<\/div>\n\n<\/div><div  class=\"ewd-ufaq-faq-div ewd-ufaq-faq-column-count-one ewd-ufaq-faq-responsive-columns- ewd-ufaq-faq-display-style-default ewd-ufaq-can-be-toggled\" id='ewd-ufaq-post-13385-DspDoRywjv' data-post_id='13385'>\n\n\t\t\n\t<div class='ewd-ufaq-faq-title ewd-ufaq-faq-toggle'>\n\t\n\t<a class='ewd-ufaq-post-margin'  href='#' role=\"button\">\n\n\t\t<div class='ewd-ufaq-post-margin-symbol ewd-ufaq-'>\n\t\t\t<span >a<\/span>\n\t\t<\/div>\n\n\t\t<div class='ewd-ufaq-faq-title-text'>\n\n\t\t\t<h4>\n\t\t\t\t\u00c0 partir de quand sa propre fa\u00e7ade\/fen\u00eatre est consid\u00e9r\u00e9e comme point r\u00e9cepteur et quand le b\u00e2timent voisin\u00a0?\t\t\t<\/h4>\n\n\t\t<\/div>\n\n\t\t<div class='ewd-ufaq-clear'><\/div>\n\n\t<\/a>\n\t\n<\/div>\n\t\n\t<div class='ewd-ufaq-faq-body ewd-ufaq-hidden' >\n\n\t\t\n\t\t\t\n\t\t\n\t\t\t<div class='ewd-ufaq-post-margin ewd-ufaq-faq-post'>\n\t\n<p>D&#8217;apr\u00e8s la d\u00e9finition actuelle et la mention sur l\u2019attestation de protection contre le bruit, le b\u00e2timent voisin s\u2019applique pour une maison individuelle et la fa\u00e7ade pour un immeuble d\u2019habitation. Nous recommandons toutefois de consulter l\u2019Office des constructions. Les services de construction \u00e9valuent la situation au cas par cas et ont une approche pragmatique dans l\u2019ex\u00e9cution.<\/p>\n<\/div>\n\t\t\n\t\t\t\n\t\t\n\t\t\t\n\t\t\n\t\t\t\n\t\t\n\t\t\t\n\t\t\n\t\t\t\n\t\t\n\t\t\t\n\t\t\n\t\t\t\n\t\t\n\t\t\t\n\t\t\n\t<\/div>\n\n<\/div><div  class=\"ewd-ufaq-faq-div ewd-ufaq-faq-column-count-one ewd-ufaq-faq-responsive-columns- ewd-ufaq-faq-display-style-default ewd-ufaq-can-be-toggled\" id='ewd-ufaq-post-13387-bsQmO6bfxl' data-post_id='13387'>\n\n\t\t\n\t<div class='ewd-ufaq-faq-title ewd-ufaq-faq-toggle'>\n\t\n\t<a class='ewd-ufaq-post-margin'  href='#' role=\"button\">\n\n\t\t<div class='ewd-ufaq-post-margin-symbol ewd-ufaq-'>\n\t\t\t<span >a<\/span>\n\t\t<\/div>\n\n\t\t<div class='ewd-ufaq-faq-title-text'>\n\n\t\t\t<h4>\n\t\t\t\tEst-il vrai que dans le canton de B\u00e2le-Campagne c\u2019est la fen\u00eatre de n\u2019importe quel local sensible au bruit, situ\u00e9e sur la fa\u00e7ade d\u2019une maison individuelle avec logement ind\u00e9pendant qui compte\u00a0?\t\t\t<\/h4>\n\n\t\t<\/div>\n\n\t\t<div class='ewd-ufaq-clear'><\/div>\n\n\t<\/a>\n\t\n<\/div>\n\t\n\t<div class='ewd-ufaq-faq-body ewd-ufaq-hidden' >\n\n\t\t\n\t\t\t\n\t\t\n\t\t\t<div class='ewd-ufaq-post-margin ewd-ufaq-faq-post'>\n\t\n<p>concernant une maison individuelle ou un logement ind\u00e9pendant, l\u2019attestation de protection contre le bruit ne doit \u00eatre consult\u00e9e qu\u2019\u00e0 titre de recommandation et d\u2019information. C\u2019est le b\u00e2timent voisin qui compte. Ceci est aussi logique et mentionn\u00e9 sur l\u2019attestation de protection contre le bruit.<\/p>\n<\/div>\n\t\t\n\t\t\t\n\t\t\n\t\t\t\n\t\t\n\t\t\t\n\t\t\n\t\t\t\n\t\t\n\t\t\t\n\t\t\n\t\t\t\n\t\t\n\t\t\t\n\t\t\n\t\t\t\n\t\t\n\t<\/div>\n\n<\/div><div  class=\"ewd-ufaq-faq-div ewd-ufaq-faq-column-count-one ewd-ufaq-faq-responsive-columns- ewd-ufaq-faq-display-style-default ewd-ufaq-can-be-toggled\" id='ewd-ufaq-post-13388-0yVavGsQqc' data-post_id='13388'>\n\n\t\t\n\t<div class='ewd-ufaq-faq-title ewd-ufaq-faq-toggle'>\n\t\n\t<a class='ewd-ufaq-post-margin'  href='#' role=\"button\">\n\n\t\t<div class='ewd-ufaq-post-margin-symbol ewd-ufaq-'>\n\t\t\t<span >a<\/span>\n\t\t<\/div>\n\n\t\t<div class='ewd-ufaq-faq-title-text'>\n\n\t\t\t<h4>\n\t\t\t\tEst-il vrai que dans les cantons d\u2019Argovie et de Zurich il faut faire l\u2019attestation sur son b\u00e2timent\u00a0?\t\t\t<\/h4>\n\n\t\t<\/div>\n\n\t\t<div class='ewd-ufaq-clear'><\/div>\n\n\t<\/a>\n\t\n<\/div>\n\t\n\t<div class='ewd-ufaq-faq-body ewd-ufaq-hidden' >\n\n\t\t\n\t\t\t\n\t\t\n\t\t\t<div class='ewd-ufaq-post-margin ewd-ufaq-faq-post'>\n\t\n<p>NON, l\u2019attestation de protection contre le bruit indique que c\u2019est le b\u00e2timent voisin qui compte pour une maison individuelle.<\/p>\n<\/div>\n\t\t\n\t\t\t\n\t\t\n\t\t\t\n\t\t\n\t\t\t\n\t\t\n\t\t\t\n\t\t\n\t\t\t\n\t\t\n\t\t\t\n\t\t\n\t\t\t\n\t\t\n\t\t\t\n\t\t\n\t<\/div>\n\n<\/div><div  class=\"ewd-ufaq-faq-div ewd-ufaq-faq-column-count-one ewd-ufaq-faq-responsive-columns- ewd-ufaq-faq-display-style-default ewd-ufaq-can-be-toggled\" id='ewd-ufaq-post-13389-jjTaz8zyHw' data-post_id='13389'>\n\n\t\t\n\t<div class='ewd-ufaq-faq-title ewd-ufaq-faq-toggle'>\n\t\n\t<a class='ewd-ufaq-post-margin'  href='#' role=\"button\">\n\n\t\t<div class='ewd-ufaq-post-margin-symbol ewd-ufaq-'>\n\t\t\t<span >a<\/span>\n\t\t<\/div>\n\n\t\t<div class='ewd-ufaq-faq-title-text'>\n\n\t\t\t<h4>\n\t\t\t\tQuelle doit \u00eatre la hauteur d\u2019un mur afin de pouvoir mettre la PAC en pose libre\u00a0?\t\t\t<\/h4>\n\n\t\t<\/div>\n\n\t\t<div class='ewd-ufaq-clear'><\/div>\n\n\t<\/a>\n\t\n<\/div>\n\t\n\t<div class='ewd-ufaq-faq-body ewd-ufaq-hidden' >\n\n\t\t\n\t\t\t\n\t\t\n\t\t\t<div class='ewd-ufaq-post-margin ewd-ufaq-faq-post'>\n\t\n<p>La hauteur de la paroi antibruit doit se justifier sur le plan technique. Une paroi antibruit n\u2019est pas un \u00e9l\u00e9ment statique d\u2019un b\u00e2timent.<\/p>\n<\/div>\n\t\t\n\t\t\t\n\t\t\n\t\t\t\n\t\t\n\t\t\t\n\t\t\n\t\t\t\n\t\t\n\t\t\t\n\t\t\n\t\t\t\n\t\t\n\t\t\t\n\t\t\n\t\t\t\n\t\t\n\t<\/div>\n\n<\/div><div  class=\"ewd-ufaq-faq-div ewd-ufaq-faq-column-count-one ewd-ufaq-faq-responsive-columns- ewd-ufaq-faq-display-style-default ewd-ufaq-can-be-toggled\" id='ewd-ufaq-post-13390-tghzqKxtCy' data-post_id='13390'>\n\n\t\t\n\t<div class='ewd-ufaq-faq-title ewd-ufaq-faq-toggle'>\n\t\n\t<a class='ewd-ufaq-post-margin'  href='#' role=\"button\">\n\n\t\t<div class='ewd-ufaq-post-margin-symbol ewd-ufaq-'>\n\t\t\t<span >a<\/span>\n\t\t<\/div>\n\n\t\t<div class='ewd-ufaq-faq-title-text'>\n\n\t\t\t<h4>\n\t\t\t\tFaut-il toujours choisir la pompe \u00e0 chaleur la plus silencieuse selon le principe de pr\u00e9caution, peu importe les conditions ou les entreprises partenaires\u00a0?\t\t\t<\/h4>\n\n\t\t<\/div>\n\n\t\t<div class='ewd-ufaq-clear'><\/div>\n\n\t<\/a>\n\t\n<\/div>\n\t\n\t<div class='ewd-ufaq-faq-body ewd-ufaq-hidden' >\n\n\t\t\n\t\t\t\n\t\t\n\t\t\t<div class='ewd-ufaq-post-margin ewd-ufaq-faq-post'>\n\t\n<p>D\u2019apr\u00e8s la pr\u00e9sentation, l\u2019argument \u00ab\u00a0pompe \u00e0 chaleur la plus silencieuse\u00a0\u00bb est trompeur. De nombreux facteurs tels que le degr\u00e9 de sensibilit\u00e9 sont d\u00e9terminants. On choisit naturellement une pompe \u00e0 chaleur silencieuse. Si une commune refuse une attestation de protection contre le bruit, nous demandons un retour d\u2019information au GSP.<\/p>\n<\/div>\n\t\t\n\t\t\t\n\t\t\n\t\t\t\n\t\t\n\t\t\t\n\t\t\n\t\t\t\n\t\t\n\t\t\t\n\t\t\n\t\t\t\n\t\t\n\t\t\t\n\t\t\n\t\t\t\n\t\t\n\t<\/div>\n\n<\/div><div  class=\"ewd-ufaq-faq-div ewd-ufaq-faq-column-count-one ewd-ufaq-faq-responsive-columns- ewd-ufaq-faq-display-style-default ewd-ufaq-can-be-toggled\" id='ewd-ufaq-post-13391-mTAIVjXB08' data-post_id='13391'>\n\n\t\t\n\t<div class='ewd-ufaq-faq-title ewd-ufaq-faq-toggle'>\n\t\n\t<a class='ewd-ufaq-post-margin'  href='#' role=\"button\">\n\n\t\t<div class='ewd-ufaq-post-margin-symbol ewd-ufaq-'>\n\t\t\t<span >a<\/span>\n\t\t<\/div>\n\n\t\t<div class='ewd-ufaq-faq-title-text'>\n\n\t\t\t<h4>\n\t\t\t\tComment r\u00e9glemente-t-on le bruit pour une maison individuelle\u00a0?\t\t\t<\/h4>\n\n\t\t<\/div>\n\n\t\t<div class='ewd-ufaq-clear'><\/div>\n\n\t<\/a>\n\t\n<\/div>\n\t\n\t<div class='ewd-ufaq-faq-body ewd-ufaq-hidden' >\n\n\t\t\n\t\t\t\n\t\t\n\t\t\t<div class='ewd-ufaq-post-margin ewd-ufaq-faq-post'>\n\t\n<p>L\u2019ex\u00e9cution est r\u00e9glement\u00e9e au niveau cantonal. Les communes d\u00e9cident dans certains cantons. Dans d\u2019autres communes, des contr\u00f4leurs\/contr\u00f4leuses priv\u00e9\u00b7e\u00b7s ou des bureaux d\u2019\u00e9tudes \u00e9valuent le respect de la protection contre le bruit. Le GSP apporte son soutien afin que l\u2019ex\u00e9cution soit effectu\u00e9e uniform\u00e9ment.<\/p>\n\n\n<\/div>\n\t\t\n\t\t\t\n\t\t\n\t\t\t\n\t\t\n\t\t\t\n\t\t\n\t\t\t\n\t\t\n\t\t\t\n\t\t\n\t\t\t\n\t\t\n\t\t\t\n\t\t\n\t\t\t\n\t\t\n\t<\/div>\n\n<\/div><div  class=\"ewd-ufaq-faq-div ewd-ufaq-faq-column-count-one ewd-ufaq-faq-responsive-columns- ewd-ufaq-faq-display-style-default ewd-ufaq-can-be-toggled\" id='ewd-ufaq-post-13392-ybcz09g3RB' data-post_id='13392'>\n\n\t\t\n\t<div class='ewd-ufaq-faq-title ewd-ufaq-faq-toggle'>\n\t\n\t<a class='ewd-ufaq-post-margin'  href='#' role=\"button\">\n\n\t\t<div class='ewd-ufaq-post-margin-symbol ewd-ufaq-'>\n\t\t\t<span >a<\/span>\n\t\t<\/div>\n\n\t\t<div class='ewd-ufaq-faq-title-text'>\n\n\t\t\t<h4>\n\t\t\t\tLes services de construction peuvent-ils \u00e9dicter leurs propres prescriptions\u00a0?\t\t\t<\/h4>\n\n\t\t<\/div>\n\n\t\t<div class='ewd-ufaq-clear'><\/div>\n\n\t<\/a>\n\t\n<\/div>\n\t\n\t<div class='ewd-ufaq-faq-body ewd-ufaq-hidden' >\n\n\t\t\n\t\t\t\n\t\t\n\t\t\t<div class='ewd-ufaq-post-margin ewd-ufaq-faq-post'>\n\t\n<p>En principe \u00ab&nbsp;OUI&nbsp;\u00bb, les codes de construction sont r\u00e9glement\u00e9s au niveau communal. Toutefois, les \u00ab&nbsp;actes arbitraires&nbsp;\u00bb ne sont pas autoris\u00e9s. Le libre arbitre doit s\u2019appliquer au sens de la loi sur la protection de l\u2019environnement et de l\u2019ordonnance sur la protection contre le bruit. Le GSP soutient la mise en \u0153uvre judicieuse de la LPE et de l\u2019OPB.<\/p>\n\n\n<\/div>\n\t\t\n\t\t\t\n\t\t\n\t\t\t\n\t\t\n\t\t\t\n\t\t\n\t\t\t\n\t\t\n\t\t\t\n\t\t\n\t\t\t\n\t\t\n\t\t\t\n\t\t\n\t\t\t\n\t\t\n\t<\/div>\n\n<\/div><div  class=\"ewd-ufaq-faq-div ewd-ufaq-faq-column-count-one ewd-ufaq-faq-responsive-columns- ewd-ufaq-faq-display-style-default ewd-ufaq-can-be-toggled\" id='ewd-ufaq-post-13394-kW5JKv4x67' data-post_id='13394'>\n\n\t\t\n\t<div class='ewd-ufaq-faq-title ewd-ufaq-faq-toggle'>\n\t\n\t<a class='ewd-ufaq-post-margin'  href='#' role=\"button\">\n\n\t\t<div class='ewd-ufaq-post-margin-symbol ewd-ufaq-'>\n\t\t\t<span >a<\/span>\n\t\t<\/div>\n\n\t\t<div class='ewd-ufaq-faq-title-text'>\n\n\t\t\t<h4>\n\t\t\t\tPeut-on d\u00e9j\u00e0 appliquer le point d\u2019appr\u00e9ciation du bruit \u00e0 A+2\u00a0\u00b0C\u00a0?\t\t\t<\/h4>\n\n\t\t<\/div>\n\n\t\t<div class='ewd-ufaq-clear'><\/div>\n\n\t<\/a>\n\t\n<\/div>\n\t\n\t<div class='ewd-ufaq-faq-body ewd-ufaq-hidden' >\n\n\t\t\n\t\t\t\n\t\t\n\t\t\t<div class='ewd-ufaq-post-margin ewd-ufaq-faq-post'>\n\t\n<p>Les fabricants ins\u00e8rent d\u00e9j\u00e0 aujourd\u2019hui le point de donn\u00e9e A+2&nbsp;\u00b0C dans la base de donn\u00e9es sonores. Le calculateur de bruit, si disponible, est programm\u00e9 maintenant pour pouvoir prendre la valeur A+2&nbsp;\u00b0C. \u00c0 compter du 01.11.2024, ce point sera obligatoire.<\/p>\n<\/div>\n\t\t\n\t\t\t\n\t\t\n\t\t\t\n\t\t\n\t\t\t\n\t\t\n\t\t\t\n\t\t\n\t\t\t\n\t\t\n\t\t\t\n\t\t\n\t\t\t\n\t\t\n\t\t\t\n\t\t\n\t<\/div>\n\n<\/div><div  class=\"ewd-ufaq-faq-div ewd-ufaq-faq-column-count-one ewd-ufaq-faq-responsive-columns- ewd-ufaq-faq-display-style-default ewd-ufaq-can-be-toggled\" id='ewd-ufaq-post-13395-6MdyGH4DGr' data-post_id='13395'>\n\n\t\t\n\t<div class='ewd-ufaq-faq-title ewd-ufaq-faq-toggle'>\n\t\n\t<a class='ewd-ufaq-post-margin'  href='#' role=\"button\">\n\n\t\t<div class='ewd-ufaq-post-margin-symbol ewd-ufaq-'>\n\t\t\t<span >a<\/span>\n\t\t<\/div>\n\n\t\t<div class='ewd-ufaq-faq-title-text'>\n\n\t\t\t<h4>\n\t\t\t\tPourquoi la valeur du mode nuit s\u2019affiche-t-elle dans l\u2019attestation de protection contre le bruit si la valeur A+2\u00a0\u00b0C est pr\u00e9sente\u00a0?\t\t\t<\/h4>\n\n\t\t<\/div>\n\n\t\t<div class='ewd-ufaq-clear'><\/div>\n\n\t<\/a>\n\t\n<\/div>\n\t\n\t<div class='ewd-ufaq-faq-body ewd-ufaq-hidden' >\n\n\t\t\n\t\t\t\n\t\t\n\t\t\t<div class='ewd-ufaq-post-margin ewd-ufaq-faq-post'>\n\t\n<p>Comme cette valeur ne sera obligatoire qu\u2019\u00e0 partir du 01.11.2024, il faut encore pr\u00e9ciser ce point.<\/p>\n<\/div>\n\t\t\n\t\t\t\n\t\t\n\t\t\t\n\t\t\n\t\t\t\n\t\t\n\t\t\t\n\t\t\n\t\t\t\n\t\t\n\t\t\t\n\t\t\n\t\t\t\n\t\t\n\t\t\t\n\t\t\n\t<\/div>\n\n<\/div><div  class=\"ewd-ufaq-faq-div ewd-ufaq-faq-column-count-one ewd-ufaq-faq-responsive-columns- ewd-ufaq-faq-display-style-default ewd-ufaq-can-be-toggled\" id='ewd-ufaq-post-13393-b9xNWCONXK' data-post_id='13393'>\n\n\t\t\n\t<div class='ewd-ufaq-faq-title ewd-ufaq-faq-toggle'>\n\t\n\t<a class='ewd-ufaq-post-margin'  href='#' role=\"button\">\n\n\t\t<div class='ewd-ufaq-post-margin-symbol ewd-ufaq-'>\n\t\t\t<span >a<\/span>\n\t\t<\/div>\n\n\t\t<div class='ewd-ufaq-faq-title-text'>\n\n\t\t\t<h4>\n\t\t\t\tComment l\u2019attestation de protection contre le bruit du refroidisseur peut-elle \u00eatre \u00e9labor\u00e9e\u00a0?\t\t\t<\/h4>\n\n\t\t<\/div>\n\n\t\t<div class='ewd-ufaq-clear'><\/div>\n\n\t<\/a>\n\t\n<\/div>\n\t\n\t<div class='ewd-ufaq-faq-body ewd-ufaq-hidden' >\n\n\t\t\n\t\t\t\n\t\t\n\t\t\t<div class='ewd-ufaq-post-margin ewd-ufaq-faq-post'>\n\t\n<p>Cela concerne l\u2019attestation de protection contre le bruit pour les installations de climatisation et de r\u00e9frig\u00e9ration, disponible dans la rubrique Bruit de l\u2019industrie et de l\u2019artisanat, lien\u00a0: <a href=\"https:\/\/www.cerclebruit.ch\/?inc=enforcement&amp;e=6\/620.html\" data-type=\"link\" data-id=\"https:\/\/www.cerclebruit.ch\/?inc=enforcement&amp;e=6\/620.html\">https:\/\/www.cerclebruit.ch\/?inc=enforcement&amp;e=6\/620.html<\/a><\/p>\n<\/div>\n\t\t\n\t\t\t\n\t\t\n\t\t\t\n\t\t\n\t\t\t\n\t\t\n\t\t\t\n\t\t\n\t\t\t\n\t\t\n\t\t\t\n\t\t\n\t\t\t\n\t\t\n\t\t\t\n\t\t\n\t<\/div>\n\n<\/div><div  class=\"ewd-ufaq-faq-div ewd-ufaq-faq-column-count-one ewd-ufaq-faq-responsive-columns- ewd-ufaq-faq-display-style-default ewd-ufaq-can-be-toggled\" id='ewd-ufaq-post-13397-Gqj5KxtwZP' data-post_id='13397'>\n\n\t\t\n\t<div class='ewd-ufaq-faq-title ewd-ufaq-faq-toggle'>\n\t\n\t<a class='ewd-ufaq-post-margin'  href='#' role=\"button\">\n\n\t\t<div class='ewd-ufaq-post-margin-symbol ewd-ufaq-'>\n\t\t\t<span >a<\/span>\n\t\t<\/div>\n\n\t\t<div class='ewd-ufaq-faq-title-text'>\n\n\t\t\t<h4>\n\t\t\t\tQuelles mesures pr\u00e9ventives sont plus avantageuses que 1\u00a0% des investissements et diminuent le bruit d\u2019au moins 3\u00a0dbA\u00a0?\t\t\t<\/h4>\n\n\t\t<\/div>\n\n\t\t<div class='ewd-ufaq-clear'><\/div>\n\n\t<\/a>\n\t\n<\/div>\n\t\n\t<div class='ewd-ufaq-faq-body ewd-ufaq-hidden' >\n\n\t\t\n\t\t\t\n\t\t\n\t\t\t<div class='ewd-ufaq-post-margin ewd-ufaq-faq-post'>\n\t\n<p>Installation optimale, ajustement des directions pour aspiration\/sortie, mise en marche du mode silencieux. Il est possible \u00e9galement d\u2019investir avec le voisin.<\/p>\n<\/div>\n\t\t\n\t\t\t\n\t\t\n\t\t\t\n\t\t\n\t\t\t\n\t\t\n\t\t\t\n\t\t\n\t\t\t\n\t\t\n\t\t\t\n\t\t\n\t\t\t\n\t\t\n\t\t\t\n\t\t\n\t<\/div>\n\n<\/div><div  class=\"ewd-ufaq-faq-div ewd-ufaq-faq-column-count-one ewd-ufaq-faq-responsive-columns- ewd-ufaq-faq-display-style-default ewd-ufaq-can-be-toggled\" id='ewd-ufaq-post-13398-5cc3qWRf49' data-post_id='13398'>\n\n\t\t\n\t<div class='ewd-ufaq-faq-title ewd-ufaq-faq-toggle'>\n\t\n\t<a class='ewd-ufaq-post-margin'  href='#' role=\"button\">\n\n\t\t<div class='ewd-ufaq-post-margin-symbol ewd-ufaq-'>\n\t\t\t<span >a<\/span>\n\t\t<\/div>\n\n\t\t<div class='ewd-ufaq-faq-title-text'>\n\n\t\t\t<h4>\n\t\t\t\tComment constate-t-on la r\u00e9duction du bruit avec un coude acoustique\u00a0?\t\t\t<\/h4>\n\n\t\t<\/div>\n\n\t\t<div class='ewd-ufaq-clear'><\/div>\n\n\t<\/a>\n\t\n<\/div>\n\t\n\t<div class='ewd-ufaq-faq-body ewd-ufaq-hidden' >\n\n\t\t\n\t\t\t\n\t\t\n\t\t\t<div class='ewd-ufaq-post-margin ewd-ufaq-faq-post'>\n\t\n<p>Il existe des entreprises sp\u00e9cialis\u00e9es dans l\u2019acoustique et des fabricants de solutions d\u2019att\u00e9nuation acoustique. Ces entreprises mesurent la r\u00e9duction du bruit dans leurs laboratoires.<\/p>\n<\/div>\n\t\t\n\t\t\t\n\t\t\n\t\t\t\n\t\t\n\t\t\t\n\t\t\n\t\t\t\n\t\t\n\t\t\t\n\t\t\n\t\t\t\n\t\t\n\t\t\t\n\t\t\n\t\t\t\n\t\t\n\t<\/div>\n\n<\/div><div  class=\"ewd-ufaq-faq-div ewd-ufaq-faq-column-count-one ewd-ufaq-faq-responsive-columns- ewd-ufaq-faq-display-style-default ewd-ufaq-can-be-toggled\" id='ewd-ufaq-post-13399-6vULtYE6LJ' data-post_id='13399'>\n\n\t\t\n\t<div class='ewd-ufaq-faq-title ewd-ufaq-faq-toggle'>\n\t\n\t<a class='ewd-ufaq-post-margin'  href='#' role=\"button\">\n\n\t\t<div class='ewd-ufaq-post-margin-symbol ewd-ufaq-'>\n\t\t\t<span >a<\/span>\n\t\t<\/div>\n\n\t\t<div class='ewd-ufaq-faq-title-text'>\n\n\t\t\t<h4>\n\t\t\t\tUn coin rentrant de la fa\u00e7ade est-il pr\u00e9cis\u00e9ment d\u00e9fini\u00a0?\t\t\t<\/h4>\n\n\t\t<\/div>\n\n\t\t<div class='ewd-ufaq-clear'><\/div>\n\n\t<\/a>\n\t\n<\/div>\n\t\n\t<div class='ewd-ufaq-faq-body ewd-ufaq-hidden' >\n\n\t\t\n\t\t\t\n\t\t\n\t\t\t<div class='ewd-ufaq-post-margin ewd-ufaq-faq-post'>\n\t\n<p>NON, on applique l\u2019exp\u00e9rience et le principe en \u00e2me et conscience. Ainsi, il faut consid\u00e9rer un b\u00e2timent en angle comme coin rentrant de la fa\u00e7ade. En revanche, une annexe plus petite ne doit pas \u00eatre consid\u00e9r\u00e9e de cette mani\u00e8re.<\/p>\n<\/div>\n\t\t\n\t\t\t\n\t\t\n\t\t\t\n\t\t\n\t\t\t\n\t\t\n\t\t\t\n\t\t\n\t\t\t\n\t\t\n\t\t\t\n\t\t\n\t\t\t\n\t\t\n\t\t\t\n\t\t\n\t<\/div>\n\n<\/div><div  class=\"ewd-ufaq-faq-div ewd-ufaq-faq-column-count-one ewd-ufaq-faq-responsive-columns- ewd-ufaq-faq-display-style-default ewd-ufaq-can-be-toggled\" id='ewd-ufaq-post-13400-JjgpsxzMAv' data-post_id='13400'>\n\n\t\t\n\t<div class='ewd-ufaq-faq-title ewd-ufaq-faq-toggle'>\n\t\n\t<a class='ewd-ufaq-post-margin'  href='#' role=\"button\">\n\n\t\t<div class='ewd-ufaq-post-margin-symbol ewd-ufaq-'>\n\t\t\t<span >a<\/span>\n\t\t<\/div>\n\n\t\t<div class='ewd-ufaq-faq-title-text'>\n\n\t\t\t<h4>\n\t\t\t\tD\u2019apr\u00e8s la nouvelle OPB, le mode silencieux ne doit-il plus provoquer de r\u00e9duction de puissance\u00a0?\t\t\t<\/h4>\n\n\t\t<\/div>\n\n\t\t<div class='ewd-ufaq-clear'><\/div>\n\n\t<\/a>\n\t\n<\/div>\n\t\n\t<div class='ewd-ufaq-faq-body ewd-ufaq-hidden' >\n\n\t\t\n\t\t\t\n\t\t\n\t\t\t<div class='ewd-ufaq-post-margin ewd-ufaq-faq-post'>\n\t\n<p>Le mode silencieux peut mener \u00e0 une r\u00e9duction de la puissance \u00e0 pleine charge. Le mode silencieux va \u00eatre r\u00e9vis\u00e9 dans le cadre de l\u2019application de l\u2019OPB au 01.11.2024. La d\u00e9finition est toujours en cours.<\/p>\n<\/div>\n\t\t\n\t\t\t\n\t\t\n\t\t\t\n\t\t\n\t\t\t\n\t\t\n\t\t\t\n\t\t\n\t\t\t\n\t\t\n\t\t\t\n\t\t\n\t\t\t\n\t\t\n\t\t\t\n\t\t\n\t<\/div>\n\n<\/div><div  class=\"ewd-ufaq-faq-div ewd-ufaq-faq-column-count-one ewd-ufaq-faq-responsive-columns- ewd-ufaq-faq-display-style-default ewd-ufaq-can-be-toggled\" id='ewd-ufaq-post-13401-mcVrloG1ze' data-post_id='13401'>\n\n\t\t\n\t<div class='ewd-ufaq-faq-title ewd-ufaq-faq-toggle'>\n\t\n\t<a class='ewd-ufaq-post-margin'  href='#' role=\"button\">\n\n\t\t<div class='ewd-ufaq-post-margin-symbol ewd-ufaq-'>\n\t\t\t<span >a<\/span>\n\t\t<\/div>\n\n\t\t<div class='ewd-ufaq-faq-title-text'>\n\n\t\t\t<h4>\n\t\t\t\tQuand faut-il choisir la correction de la directivit\u00e9 sur la m\u00eame fa\u00e7ade\u00a0?\t\t\t<\/h4>\n\n\t\t<\/div>\n\n\t\t<div class='ewd-ufaq-clear'><\/div>\n\n\t<\/a>\n\t\n<\/div>\n\t\n\t<div class='ewd-ufaq-faq-body ewd-ufaq-hidden' >\n\n\t\t\n\t\t\t\n\t\t\n\t\t\t<div class='ewd-ufaq-post-margin ewd-ufaq-faq-post'>\n\t\n<p>La fa\u00e7ade doit \u00eatre clairement identifiable, pas d\u2019angle, pas de fa\u00e7ade arri\u00e8re, pas d\u2019autre b\u00e2timent.<\/p>\n\n\n<\/div>\n\t\t\n\t\t\t\n\t\t\n\t\t\t\n\t\t\n\t\t\t\n\t\t\n\t\t\t\n\t\t\n\t\t\t\n\t\t\n\t\t\t\n\t\t\n\t\t\t\n\t\t\n\t\t\t\n\t\t\n\t<\/div>\n\n<\/div><div  class=\"ewd-ufaq-faq-div ewd-ufaq-faq-column-count-one ewd-ufaq-faq-responsive-columns- ewd-ufaq-faq-display-style-default ewd-ufaq-can-be-toggled\" id='ewd-ufaq-post-13402-26HlT3eXGI' data-post_id='13402'>\n\n\t\t\n\t<div class='ewd-ufaq-faq-title ewd-ufaq-faq-toggle'>\n\t\n\t<a class='ewd-ufaq-post-margin'  href='#' role=\"button\">\n\n\t\t<div class='ewd-ufaq-post-margin-symbol ewd-ufaq-'>\n\t\t\t<span >a<\/span>\n\t\t<\/div>\n\n\t\t<div class='ewd-ufaq-faq-title-text'>\n\n\t\t\t<h4>\n\t\t\t\tLes appr\u00e9ciations du bruit peuvent-elles concerner \u00e9galement les installations split qui chauffent et refroidissent\u00a0?\t\t\t<\/h4>\n\n\t\t<\/div>\n\n\t\t<div class='ewd-ufaq-clear'><\/div>\n\n\t<\/a>\n\t\n<\/div>\n\t\n\t<div class='ewd-ufaq-faq-body ewd-ufaq-hidden' >\n\n\t\t\n\t\t\t\n\t\t\n\t\t\t<div class='ewd-ufaq-post-margin ewd-ufaq-faq-post'>\n\t\n<p>OUI, on compte le mode chauffage.<\/p>\n<\/div>\n\t\t\n\t\t\t\n\t\t\n\t\t\t\n\t\t\n\t\t\t\n\t\t\n\t\t\t\n\t\t\n\t\t\t\n\t\t\n\t\t\t\n\t\t\n\t\t\t\n\t\t\n\t\t\t\n\t\t\n\t<\/div>\n\n<\/div><div  class=\"ewd-ufaq-faq-div ewd-ufaq-faq-column-count-one ewd-ufaq-faq-responsive-columns- ewd-ufaq-faq-display-style-default ewd-ufaq-can-be-toggled\" id='ewd-ufaq-post-13403-JpUktVhB1l' data-post_id='13403'>\n\n\t\t\n\t<div class='ewd-ufaq-faq-title ewd-ufaq-faq-toggle'>\n\t\n\t<a class='ewd-ufaq-post-margin'  href='#' role=\"button\">\n\n\t\t<div class='ewd-ufaq-post-margin-symbol ewd-ufaq-'>\n\t\t\t<span >a<\/span>\n\t\t<\/div>\n\n\t\t<div class='ewd-ufaq-faq-title-text'>\n\n\t\t\t<h4>\n\t\t\t\tQu\u2019entend-on par co\u00fbts de l\u2019installation\u00a0?\t\t\t<\/h4>\n\n\t\t<\/div>\n\n\t\t<div class='ewd-ufaq-clear'><\/div>\n\n\t<\/a>\n\t\n<\/div>\n\t\n\t<div class='ewd-ufaq-faq-body ewd-ufaq-hidden' >\n\n\t\t\n\t\t\t\n\t\t\n\t\t\t<div class='ewd-ufaq-post-margin ewd-ufaq-faq-post'>\n\t\n<p>C\u2019est l\u2019investissement total d\u2019une installation de pompe \u00e0 chaleur ou d\u2019une r\u00e9novation, d\u2019un d\u00e9montage, d\u2019une r\u00e9installation, de canaux de branchement, du socle de l\u2019appareil, des tranch\u00e9es, des lignes de raccordement, des solutions d\u2019att\u00e9nuation acoustique etc. qui est d\u00e9terminant. Autrement dit, cela englobe tout, pas seulement la pompe \u00e0 chaleur. Sont exclus les investissements dans une installation photovolta\u00efque, m\u00eame si la pompe \u00e0 chaleur utilise l\u2019\u00e9lectricit\u00e9 produite.<\/p>\n\n\n<\/div>\n\t\t\n\t\t\t\n\t\t\n\t\t\t\n\t\t\n\t\t\t\n\t\t\n\t\t\t\n\t\t\n\t\t\t\n\t\t\n\t\t\t\n\t\t\n\t\t\t\n\t\t\n\t\t\t\n\t\t\n\t<\/div>\n\n<\/div><div  class=\"ewd-ufaq-faq-div ewd-ufaq-faq-column-count-one ewd-ufaq-faq-responsive-columns- ewd-ufaq-faq-display-style-default ewd-ufaq-can-be-toggled\" id='ewd-ufaq-post-13404-TLqYZ5RlGO' data-post_id='13404'>\n\n\t\t\n\t<div class='ewd-ufaq-faq-title ewd-ufaq-faq-toggle'>\n\t\n\t<a class='ewd-ufaq-post-margin'  href='#' role=\"button\">\n\n\t\t<div class='ewd-ufaq-post-margin-symbol ewd-ufaq-'>\n\t\t\t<span >a<\/span>\n\t\t<\/div>\n\n\t\t<div class='ewd-ufaq-faq-title-text'>\n\n\t\t\t<h4>\n\t\t\t\tL\u2019interpr\u00e9tation est diff\u00e9rente d\u2019une commune \u00e0 l\u2019autre. Est-ce autoris\u00e9\u00a0?\t\t\t<\/h4>\n\n\t\t<\/div>\n\n\t\t<div class='ewd-ufaq-clear'><\/div>\n\n\t<\/a>\n\t\n<\/div>\n\t\n\t<div class='ewd-ufaq-faq-body ewd-ufaq-hidden' >\n\n\t\t\n\t\t\t\n\t\t\n\t\t\t<div class='ewd-ufaq-post-margin ewd-ufaq-faq-post'>\n\t\n<p>Ce n\u2019est pas judicieux, car la physique est identique dans toute la Suisse. Mais c\u2019est autoris\u00e9 car la Suisse a une organisation f\u00e9d\u00e9rale et que le secteur du b\u00e2timent rel\u00e8ve de la comp\u00e9tence des cantons.<\/p>\n<\/div>\n\t\t\n\t\t\t\n\t\t\n\t\t\t\n\t\t\n\t\t\t\n\t\t\n\t\t\t\n\t\t\n\t\t\t\n\t\t\n\t\t\t\n\t\t\n\t\t\t\n\t\t\n\t\t\t\n\t\t\n\t<\/div>\n\n<\/div><div  class=\"ewd-ufaq-faq-div ewd-ufaq-faq-column-count-one ewd-ufaq-faq-responsive-columns- ewd-ufaq-faq-display-style-default ewd-ufaq-can-be-toggled\" id='ewd-ufaq-post-13405-RBmg52m6ws' data-post_id='13405'>\n\n\t\t\n\t<div class='ewd-ufaq-faq-title ewd-ufaq-faq-toggle'>\n\t\n\t<a class='ewd-ufaq-post-margin'  href='#' role=\"button\">\n\n\t\t<div class='ewd-ufaq-post-margin-symbol ewd-ufaq-'>\n\t\t\t<span >a<\/span>\n\t\t<\/div>\n\n\t\t<div class='ewd-ufaq-faq-title-text'>\n\n\t\t\t<h4>\n\t\t\t\tComment le terme \u00ab\u00a0fen\u00eatre\u00a0\u00bb est-il d\u00e9fini\u00a0?\t\t\t<\/h4>\n\n\t\t<\/div>\n\n\t\t<div class='ewd-ufaq-clear'><\/div>\n\n\t<\/a>\n\t\n<\/div>\n\t\n\t<div class='ewd-ufaq-faq-body ewd-ufaq-hidden' >\n\n\t\t\n\t\t\t\n\t\t\n\t\t\t<div class='ewd-ufaq-post-margin ewd-ufaq-faq-post'>\n\t\n<p>Le GSP utilise une d\u00e9cision du tribunal administratif cantonal qui stipule qu\u2019une fen\u00eatre ne pouvant pas \u00eatre ouverte est d\u00e9clar\u00e9e comme \u00e9tant un \u00e9l\u00e9ment de construction translucide.<\/p>\n<\/div>\n\t\t\n\t\t\t\n\t\t\n\t\t\t\n\t\t\n\t\t\t\n\t\t\n\t\t\t\n\t\t\n\t\t\t\n\t\t\n\t\t\t\n\t\t\n\t\t\t\n\t\t\n\t\t\t\n\t\t\n\t<\/div>\n\n<\/div><div  class=\"ewd-ufaq-faq-div ewd-ufaq-faq-column-count-one ewd-ufaq-faq-responsive-columns- ewd-ufaq-faq-display-style-default ewd-ufaq-can-be-toggled\" id='ewd-ufaq-post-13406-Oqaz2zNMbq' data-post_id='13406'>\n\n\t\t\n\t<div class='ewd-ufaq-faq-title ewd-ufaq-faq-toggle'>\n\t\n\t<a class='ewd-ufaq-post-margin'  href='#' role=\"button\">\n\n\t\t<div class='ewd-ufaq-post-margin-symbol ewd-ufaq-'>\n\t\t\t<span >a<\/span>\n\t\t<\/div>\n\n\t\t<div class='ewd-ufaq-faq-title-text'>\n\n\t\t\t<h4>\n\t\t\t\tSi les maisons mitoyennes sont d\u00e9cal\u00e9es, une pompe \u00e0 chaleur \u00e0 une distance de 3\u00a0m\u00e8tres par rapport \u00e0 la fa\u00e7ade est-elle consid\u00e9r\u00e9e comme autonome\u00a0?\t\t\t<\/h4>\n\n\t\t<\/div>\n\n\t\t<div class='ewd-ufaq-clear'><\/div>\n\n\t<\/a>\n\t\n<\/div>\n\t\n\t<div class='ewd-ufaq-faq-body ewd-ufaq-hidden' >\n\n\t\t\n\t\t\t\n\t\t\n\t\t\t<div class='ewd-ufaq-post-margin ewd-ufaq-faq-post'>\n\t\n<p>On compte toujours la distance par rapport \u00e0 la fa\u00e7ade de la maison o\u00f9 se trouve la pompe \u00e0 chaleur.<\/p>\n<\/div>\n\t\t\n\t\t\t\n\t\t\n\t\t\t\n\t\t\n\t\t\t\n\t\t\n\t\t\t\n\t\t\n\t\t\t\n\t\t\n\t\t\t\n\t\t\n\t\t\t\n\t\t\n\t\t\t\n\t\t\n\t<\/div>\n\n<\/div><div  class=\"ewd-ufaq-faq-div ewd-ufaq-faq-column-count-one ewd-ufaq-faq-responsive-columns- ewd-ufaq-faq-display-style-default ewd-ufaq-can-be-toggled\" id='ewd-ufaq-post-13407-DEw4SBPwiF' data-post_id='13407'>\n\n\t\t\n\t<div class='ewd-ufaq-faq-title ewd-ufaq-faq-toggle'>\n\t\n\t<a class='ewd-ufaq-post-margin'  href='#' role=\"button\">\n\n\t\t<div class='ewd-ufaq-post-margin-symbol ewd-ufaq-'>\n\t\t\t<span >a<\/span>\n\t\t<\/div>\n\n\t\t<div class='ewd-ufaq-faq-title-text'>\n\n\t\t\t<h4>\n\t\t\t\tQue se passe-t-il dans le canton de Saint-Gall\u00a0?\t\t\t<\/h4>\n\n\t\t<\/div>\n\n\t\t<div class='ewd-ufaq-clear'><\/div>\n\n\t<\/a>\n\t\n<\/div>\n\t\n\t<div class='ewd-ufaq-faq-body ewd-ufaq-hidden' >\n\n\t\t\n\t\t\t\n\t\t\n\t\t\t<div class='ewd-ufaq-post-margin ewd-ufaq-faq-post'>\n\t\n<p>Le GSP s\u2019efforce de motiver aussi le canton de Saint-Gall \u00e0 utiliser l\u2019attestation de protection contre le bruit du Cercle Bruit. En cas de besoin, nous nous adresserons au Conseil d\u2019\u00c9tat. Si cela ne sert \u00e0 rien, nous interviendrons aupr\u00e8s du parlement.<\/p>\n<\/div>\n\t\t\n\t\t\t\n\t\t\n\t\t\t\n\t\t\n\t\t\t\n\t\t\n\t\t\t\n\t\t\n\t\t\t\n\t\t\n\t\t\t\n\t\t\n\t\t\t\n\t\t\n\t\t\t\n\t\t\n\t<\/div>\n\n<\/div>\n\t<\/div>\n\n\t\n<\/div>","protected":false},"excerpt":{"rendered":"<p>Gr\u00e2ce \u00e0 l&#8217;offre du \u00ab Bureau de coordination bruit et protection contre le bruit \u00bb, nous avons l&#8217;occasion d&#8217;identifier les incertitudes, les marges d&#8217;interpr\u00e9tation et les diff\u00e9rentes mesures d&#8217;ex\u00e9cution dans les cantons et les communes. Le GSP traite les questions mentionn\u00e9es et s&#8217;engage pour une ex\u00e9cution aussi uniforme que possible dans toute la Suisse (ce&#8230;<\/p>\n","protected":false},"author":16,"featured_media":13130,"comment_status":"closed","ping_status":"closed","sticky":false,"template":"","format":"standard","meta":{"footnotes":""},"categories":[22],"tags":[],"class_list":["post-13338","post","type-post","status-publish","format-standard","has-post-thumbnail","hentry","category-nos-services"],"_links":{"self":[{"href":"https:\/\/www.fws.ch\/fr\/wp-json\/wp\/v2\/posts\/13338","targetHints":{"allow":["GET"]}}],"collection":[{"href":"https:\/\/www.fws.ch\/fr\/wp-json\/wp\/v2\/posts"}],"about":[{"href":"https:\/\/www.fws.ch\/fr\/wp-json\/wp\/v2\/types\/post"}],"author":[{"embeddable":true,"href":"https:\/\/www.fws.ch\/fr\/wp-json\/wp\/v2\/users\/16"}],"replies":[{"embeddable":true,"href":"https:\/\/www.fws.ch\/fr\/wp-json\/wp\/v2\/comments?post=13338"}],"version-history":[{"count":6,"href":"https:\/\/www.fws.ch\/fr\/wp-json\/wp\/v2\/posts\/13338\/revisions"}],"predecessor-version":[{"id":14244,"href":"https:\/\/www.fws.ch\/fr\/wp-json\/wp\/v2\/posts\/13338\/revisions\/14244"}],"wp:featuredmedia":[{"embeddable":true,"href":"https:\/\/www.fws.ch\/fr\/wp-json\/wp\/v2\/media\/13130"}],"wp:attachment":[{"href":"https:\/\/www.fws.ch\/fr\/wp-json\/wp\/v2\/media?parent=13338"}],"wp:term":[{"taxonomy":"category","embeddable":true,"href":"https:\/\/www.fws.ch\/fr\/wp-json\/wp\/v2\/categories?post=13338"},{"taxonomy":"post_tag","embeddable":true,"href":"https:\/\/www.fws.ch\/fr\/wp-json\/wp\/v2\/tags?post=13338"}],"curies":[{"name":"wp","href":"https:\/\/api.w.org\/{rel}","templated":true}]}}