{"id":2447,"date":"2019-04-19T08:33:36","date_gmt":"2019-04-19T08:33:36","guid":{"rendered":"https:\/\/www.fws.ch\/?p=2447"},"modified":"2019-04-19T08:35:17","modified_gmt":"2019-04-19T08:35:17","slug":"conference-minergie-la-qualite-de-lair-une-histoire-de-confort","status":"publish","type":"post","link":"https:\/\/www.fws.ch\/fr\/conference-minergie-la-qualite-de-lair-une-histoire-de-confort\/","title":{"rendered":"Conf\u00e9rence Minergie : la qualit\u00e9 de l\u2019air, une histoire de confort"},"content":{"rendered":"<p>Minergie organise une\u00a0<strong>manifestation traitant de qualit\u00e9 de l\u2019air<\/strong>\u00a0le\u00a0<strong>9 mai prochain<\/strong>\u00a0\u00e0 l\u2019h\u00f4tel Astra \u00e0 Vevey.<\/p>\n<p>Le d\u00e9bat organis\u00e9 fera la part belle \u00e0 vos questions et interventions. Cette manifestation, gratuite et ouverte \u00e0 tous, compte pour le maintien des comp\u00e9tences\u00a0\u00a0d\u2019expert de partenaires sp\u00e9cialistes Minergie.<\/p>\n<p>Inscription jusqu\u2019au 29 avril, dans la limite des places disponibles : formulaire d\u2019inscription, cliquez\u00a0<strong><a href=\"http:\/\/news.minergie.ch\/cp\/29059444\/64f9a0be2ec8-pq42d5\" target=\"_blank\" rel=\"noopener noreferrer\">ici<\/a>\u00a0<\/strong>\u00a0ou par mail \u00e0\u00a0<a href=\"mailto:inscription@minergie.ch\">inscription@minergie.ch<\/a>.<\/p>\n<p>Programme et flyer de la manifestation\u00a0<strong><a href=\"https:\/\/www.minergie.ch\/media\/final_rz_min_902_web_einladung_fch.pdf\" target=\"_blank\" rel=\"noopener noreferrer\">ici<\/a><\/strong>.<\/p>\n","protected":false},"excerpt":{"rendered":"<p>Minergie organise une\u00a0manifestation traitant de qualit\u00e9 de l\u2019air\u00a0le\u00a09 mai prochain\u00a0\u00e0 l\u2019h\u00f4tel Astra \u00e0 Vevey.<\/p>\n","protected":false},"author":4,"featured_media":2449,"comment_status":"open","ping_status":"closed","sticky":false,"template":"","format":"standard","meta":{"footnotes":""},"categories":[34],"tags":[],"class_list":["post-2447","post","type-post","status-publish","format-standard","has-post-thumbnail","hentry","category-unkategorisiert-fr"],"_links":{"self":[{"href":"https:\/\/www.fws.ch\/fr\/wp-json\/wp\/v2\/posts\/2447","targetHints":{"allow":["GET"]}}],"collection":[{"href":"https:\/\/www.fws.ch\/fr\/wp-json\/wp\/v2\/posts"}],"about":[{"href":"https:\/\/www.fws.ch\/fr\/wp-json\/wp\/v2\/types\/post"}],"author":[{"embeddable":true,"href":"https:\/\/www.fws.ch\/fr\/wp-json\/wp\/v2\/users\/4"}],"replies":[{"embeddable":true,"href":"https:\/\/www.fws.ch\/fr\/wp-json\/wp\/v2\/comments?post=2447"}],"version-history":[{"count":2,"href":"https:\/\/www.fws.ch\/fr\/wp-json\/wp\/v2\/posts\/2447\/revisions"}],"predecessor-version":[{"id":2450,"href":"https:\/\/www.fws.ch\/fr\/wp-json\/wp\/v2\/posts\/2447\/revisions\/2450"}],"wp:featuredmedia":[{"embeddable":true,"href":"https:\/\/www.fws.ch\/fr\/wp-json\/wp\/v2\/media\/2449"}],"wp:attachment":[{"href":"https:\/\/www.fws.ch\/fr\/wp-json\/wp\/v2\/media?parent=2447"}],"wp:term":[{"taxonomy":"category","embeddable":true,"href":"https:\/\/www.fws.ch\/fr\/wp-json\/wp\/v2\/categories?post=2447"},{"taxonomy":"post_tag","embeddable":true,"href":"https:\/\/www.fws.ch\/fr\/wp-json\/wp\/v2\/tags?post=2447"}],"curies":[{"name":"wp","href":"https:\/\/api.w.org\/{rel}","templated":true}]}}