{"id":3216,"date":"2019-12-03T16:20:35","date_gmt":"2019-12-03T16:20:35","guid":{"rendered":"https:\/\/www.fws.ch\/?p=3216"},"modified":"2022-12-19T15:00:56","modified_gmt":"2022-12-19T15:00:56","slug":"m6","status":"publish","type":"post","link":"https:\/\/www.fws.ch\/fr\/m6\/","title":{"rendered":"Module 6 : Dimensionnement des sondes g\u00e9othermiques (1 jour)"},"content":{"rendered":"<h3><strong>Public-cible<\/strong><\/h3>\r\n<p class=\"p1\">Chauffagistes, planificateurs techniques du b\u00e2timent, employ\u00e9s\u00a0travaillant dans les services de planification des entreprises d&#8217;installation, apprentis en 4<span class=\"s1\">e <\/span>ann\u00e9e sp\u00e9cialis\u00e9s dans la planification de la technique des b\u00e2timents<\/p>\r\n<h3><strong>Pr\u00e9requis<\/strong><\/h3>\r\n<p class=\"p1\">Exp\u00e9rience dans la planification d&#8217;installations PAC<\/p>\r\n<h3><b>Objectifs<\/b><\/h3>\r\n<p class=\"p1\">A l\u2019issue de la formation, les participants :<\/p>\r\n<ul>\r\n<li class=\"p1\">Connaissent les bases de la g\u00e9othermie et ses applications pour le chauffage et le rafra\u00eechissement<\/li>\r\n<li class=\"p1\">Connaissent les bases l\u00e9gales et normatives de l&#8217;utilisation des SGV : SIA 384\/6, MoPEC, r\u00e8glements des cantons<\/li>\r\n<li class=\"p1\">Connaissent les composants n\u00e9cessaires d&#8217;une installation des SGV, y compris les syst\u00e8mes de s\u00e9curit\u00e9 et sont en mesure de les dimensionner<\/li>\r\n<li class=\"p1\">Connaissent les facteurs d&#8217;influence \u00e0 prendre en compte lors du dimensionnement des SGV<\/li>\r\n<li>Sont capables de planifier, de concevoir et de dimensionner correctement un syst\u00e8me de sondes g\u00e9othermiques allant jusqu&#8217;\u00e0 quatre sondes g\u00e9othermiques<\/li>\r\n<li class=\"p1\">Utilisent l&#8217;outil Excel de calcul des sondes g\u00e9othermiques<\/li>\r\n<li class=\"p1\">Connaissent le label de qualit\u00e9 destin\u00e9 aux entreprises de forage<\/li>\r\n<li class=\"p1\">Planificateurs : sont capables de r\u00e9diger un cahier des charges correct pour les SGV<\/li>\r\n<\/ul>\r\n<h3><strong>Dur\u00e9e du cours (1 jour)<\/strong><\/h3>\r\n<p class=\"p1\">8 cours de 50 minutes chacun<\/p>\r\n<h3><strong>Paiement<\/strong><\/h3>\r\n<p>Le paiement se fait en principe avant la date du cours. En cas de d\u00e9sistement 2 semaines avant la date du cours, 50% du prix du cours sera retenu. En cas d&#8217;annulation 4 jours avant la date du cours, ou d&#8217;absence le jour m\u00eame, aucun remboursement n&#8217;est possible. En cas d&#8217;emp\u00eachement, il est possible de d\u00e9signer un rempla\u00e7ant.<\/p>\r\n<h3><strong>Conf\u00e9renciers<\/strong><\/h3>\r\n<p>Sp\u00e9cialistes exp\u00e9riment\u00e9s des techniques du b\u00e2timent, divers experts.<\/p>\r\n<h3><strong>Nombre de participants<\/strong><\/h3>\r\n<p>Min. 12 personnes, max. 20 personnes.<\/p>\r\n<h3><strong>Organisation &amp; Information<\/strong><\/h3>\r\n<p>Groupement professionnel suisse pour les pompes \u00e0 chaleur &#8211; GSP<br \/>Philippe Ranc<br \/>Route du Stand 11<br \/>1880 Bex<br \/>T +41 (0)24 426 02 11<br \/><a href=\"mailto:info@pac.ch\">info@pac.ch<\/a><\/p>\r\n<h3><span style=\"font-size: 16px;\">Ce cours peut \u00eatre organis\u00e9 en entreprise \u00e0 l&#8217;interne, pour ses propres employ\u00e9s ou ses clients et cela \u00e0 un tarif tr\u00e8s comp\u00e9titif.<\/span><\/h3>\r\n<p>Les inscriptions pour un contingent de participants avec possibilit\u00e9 d&#8217;inscrire une ou plusieurs personnes aux diff\u00e9rents cours tout au long de l&#8217;ann\u00e9e sont \u00e9galement possibles.<\/p>\r\n<p>Dans l&#8217;un ou l&#8217;autre cas, vous voudrez bien contacter l&#8217;Antenne romande du GSP.<\/p>\r\n<p>&nbsp;<\/p>\r\n<div class=\"wp-block-columns are-vertically-aligned-center\">\r\n<div class=\"wp-block-column is-vertically-aligned-center\">\r\n<div class=\"wp-block-image\">\u00a0<\/div>\r\n<!-- \/wp:post-content --><\/div>\r\n<!-- \/wp:column --><\/div>\r\n<!-- \/wp:columns -->\r\n\r\n<!-- wp:heading {\"level\":3} -->\r\n<h3><strong>PDF d&#8217;information<\/strong><\/h3>\r\n<h3><!-- \/wp:heading -->\r\n\r\n<!-- wp:file {\"id\":3229,\"href\":\"https:\/\/www.fws.ch\/wp-content\/uploads\/2019\/12\/M1-Les-bases-de-la-technologie-des-pompes-a\u0300-chaleur.pdf\"} --><\/h3>\r\n<div class=\"wp-block-file\"><span style=\"text-decoration: underline;\"><a href=\"https:\/\/www.fws.ch\/wp-content\/uploads\/2019\/12\/M6-Dimensionnement-des-SGV.pdf\" rel=\"noopener noreferrer\">M6 Dimensionnement des SGV<\/a><\/span><\/div>\r\n<div>\u00a0<\/div>\r\n<h3><span style=\"text-decoration: underline;\"><a href=\"http:\/\/event.pac.ch\">&gt;&gt; Inscription &lt;&lt;<\/a><\/span><\/h3>\r\n<h3><!-- \/wp:file -->\r\n\r\n<!-- wp:tadv\/classic-paragraph --><\/h3>","protected":false},"excerpt":{"rendered":"<p>Les participants \u00e0 la formation sont capables de planifier et de dimensionner correctement les sondes g\u00e9othermiques conform\u00e9ment aux r\u00e9glementations l\u00e9gales et normatives.<\/p>\n","protected":false},"author":4,"featured_media":8905,"comment_status":"open","ping_status":"closed","sticky":false,"template":"","format":"standard","meta":{"footnotes":""},"categories":[19],"tags":[],"class_list":["post-3216","post","type-post","status-publish","format-standard","has-post-thumbnail","hentry","category-formation"],"_links":{"self":[{"href":"https:\/\/www.fws.ch\/fr\/wp-json\/wp\/v2\/posts\/3216","targetHints":{"allow":["GET"]}}],"collection":[{"href":"https:\/\/www.fws.ch\/fr\/wp-json\/wp\/v2\/posts"}],"about":[{"href":"https:\/\/www.fws.ch\/fr\/wp-json\/wp\/v2\/types\/post"}],"author":[{"embeddable":true,"href":"https:\/\/www.fws.ch\/fr\/wp-json\/wp\/v2\/users\/4"}],"replies":[{"embeddable":true,"href":"https:\/\/www.fws.ch\/fr\/wp-json\/wp\/v2\/comments?post=3216"}],"version-history":[{"count":11,"href":"https:\/\/www.fws.ch\/fr\/wp-json\/wp\/v2\/posts\/3216\/revisions"}],"predecessor-version":[{"id":7190,"href":"https:\/\/www.fws.ch\/fr\/wp-json\/wp\/v2\/posts\/3216\/revisions\/7190"}],"wp:featuredmedia":[{"embeddable":true,"href":"https:\/\/www.fws.ch\/fr\/wp-json\/wp\/v2\/media\/8905"}],"wp:attachment":[{"href":"https:\/\/www.fws.ch\/fr\/wp-json\/wp\/v2\/media?parent=3216"}],"wp:term":[{"taxonomy":"category","embeddable":true,"href":"https:\/\/www.fws.ch\/fr\/wp-json\/wp\/v2\/categories?post=3216"},{"taxonomy":"post_tag","embeddable":true,"href":"https:\/\/www.fws.ch\/fr\/wp-json\/wp\/v2\/tags?post=3216"}],"curies":[{"name":"wp","href":"https:\/\/api.w.org\/{rel}","templated":true}]}}