{"id":4984,"date":"2021-02-03T09:05:52","date_gmt":"2021-02-03T09:05:52","guid":{"rendered":"https:\/\/www.fws.ch\/?p=4984"},"modified":"2022-12-19T14:57:01","modified_gmt":"2022-12-19T14:57:01","slug":"m2","status":"publish","type":"post","link":"https:\/\/www.fws.ch\/fr\/m2\/","title":{"rendered":"Module 2 : Technique des pompes \u00e0 chaleur (1\/2 journ\u00e9e)"},"content":{"rendered":"\r\n<h3><strong>Public-cible<\/strong><\/h3>\r\n<p class=\"p1\">Chauffagistes, planificateurs techniques du b\u00e2timent, conseillers en \u00e9nergie, experts CECB, apprentis de 4<span class=\"s1\">e <\/span>ann\u00e9e dans l&#8217;industrie du chauffage, employ\u00e9s des fournisseurs de PAC.<\/p>\r\n<h3 class=\"p1\"><strong>Pr\u00e9requis<\/strong><\/h3>\r\n<p class=\"p1\">Formation effectu\u00e9e du module 1 ou dipl\u00f4me de chauffagiste ou de planificateur en technique du b\u00e2timent, exp\u00e9rience professionnelle dans l&#8217;industrie des PAC<\/p>\r\n<h3><b>Objectifs<\/b><\/h3>\r\n<p class=\"p1\">A l\u2019issue de la formation, les participants :<\/p>\r\n<ul>\r\n<li>\r\n<p class=\"p1\">Connaissent le fonctionnement d\u2019une PAC<\/p>\r\n<\/li>\r\n<li>\r\n<p class=\"p1\">Sont capables d&#8217;expliquer le fonctionnement du circuit de refroidissement d&#8217;une pompe \u00e0 chaleur<\/p>\r\n<\/li>\r\n<li>\r\n<p class=\"p1\">Sont capables de classifier les composants importants du cycle de refroidissement et d&#8217;en expliquer leur fonction<\/p>\r\n<\/li>\r\n<li>\r\n<p class=\"p1\">Connaissent les diff\u00e9rents types de contr\u00f4le des compresseurs et leur possibilit\u00e9 d&#8217;utilisation<\/p>\r\n<\/li>\r\n<li>\r\n<p class=\"p1\">Connaissent la fonction et l&#8217;influence du processus de d\u00e9givrage sur l&#8217;efficacit\u00e9 \u00e9nerg\u00e9tique de la PAC et les diff\u00e9rents types de d\u00e9givrage avec leurs avantages et leurs inconv\u00e9nients<\/p>\r\n<\/li>\r\n<li>\r\n<p class=\"p1\">Connaissent les prescriptions l\u00e9gales et techniques \u00e0 respecter en relation avec une pompe \u00e0 chaleur (ORRChim, r\u00e9glementations \u00e9lectriques, OPB, Cercle bruit, MoPEC etc.)<\/p>\r\n<\/li>\r\n<li>\r\n<p class=\"p1\">Connaissent les facteurs qui peuvent affecter l&#8217;efficacit\u00e9 \u00e9nerg\u00e9tique d&#8217;une pompe \u00e0 chaleur<\/p>\r\n<\/li>\r\n<li>\r\n<p class=\"p1\">Savent comment une pompe \u00e0 chaleur peut \u00e9galement \u00eatre utilis\u00e9e \u00e0 des fins de refroidissement.<\/p>\r\n<\/li>\r\n<li>\r\n<p class=\"p1\">Connaissent la ventilation active et passive avec les SGV (\u00ab free cooling \u00bb)<\/p>\r\n<\/li>\r\n<\/ul>\r\n<h3><strong>Dur\u00e9e du cours (1\/2 journ\u00e9e)<\/strong><\/h3>\r\n<p class=\"p1\">4 cours de 50 minutes chacun<\/p>\r\n<h3><strong>Paiement<\/strong><\/h3>\r\n<p>Le paiement se fait en principe avant la date du cours. En cas de d\u00e9sistement 2 semaines avant la date du cours, 50% du prix du cours sera retenu. En cas d&#8217;annulation 4 jours avant la date du cours, ou d&#8217;absence le jour m\u00eame, aucun remboursement n&#8217;est possible. En cas d&#8217;emp\u00eachement, il est possible de d\u00e9signer un rempla\u00e7ant.<\/p>\r\n<h3><strong>Conf\u00e9renciers<\/strong><\/h3>\r\n<p>Sp\u00e9cialistes exp\u00e9riment\u00e9s des techniques du b\u00e2timent, divers experts.<\/p>\r\n<h3><strong>Nombre de participants<\/strong><\/h3>\r\n<p>Min. 12 personnes, max. 20 personnes.<\/p>\r\n<h3><strong>Organisation &amp; Information<\/strong><\/h3>\r\n<p>Groupement professionnel suisse pour les pompes \u00e0 chaleur &#8211; GSP<br \/>Philippe Ranc<br \/>Route du Stand 11<br \/>1880 Bex<br \/>T +41 (0)24 426 02 11<br \/><a href=\"mailto:info@pac.ch\">info@pac.ch<\/a><\/p>\r\n<p>Ce cours peut \u00eatre organis\u00e9 en entreprise \u00e0 l&#8217;interne, pour ses propres employ\u00e9s ou ses clients et cela \u00e0 un tarif tr\u00e8s comp\u00e9titif.<\/p>\r\n<p>Les inscriptions pour un contingent de participants avec possibilit\u00e9 d&#8217;inscrire une ou plusieurs personnes aux diff\u00e9rents cours tout au long de l&#8217;ann\u00e9e sont \u00e9galement possibles.<\/p>\r\n<p>Dans l&#8217;un ou l&#8217;autre cas, vous voudrez bien contacter l&#8217;Antenne romande du GSP.<\/p>\r\n<p>&nbsp;<\/p>\r\n<div class=\"wp-block-columns are-vertically-aligned-center\">\r\n<div class=\"wp-block-column is-vertically-aligned-center\">\r\n<div class=\"wp-block-image\">\u00a0<\/div>\r\n<\/div>\r\n<!-- \/wp:post-content --><\/div>\r\n<!-- \/wp:columns -->\r\n\r\n<!-- wp:heading {\"level\":3} -->\r\n<h3><strong>PDF d&#8217;information<\/strong><\/h3>\r\n<h3><!-- \/wp:heading -->\r\n\r\n<!-- wp:file {\"id\":3229,\"href\":\"https:\/\/www.fws.ch\/wp-content\/uploads\/2019\/12\/M1-Les-bases-de-la-technologie-des-pompes-a\u0300-chaleur.pdf\"} --><\/h3>\r\n<div class=\"wp-block-file\"><span style=\"text-decoration: underline;\"><a href=\"https:\/\/www.fws.ch\/wp-content\/uploads\/2018\/10\/M2-Techniques-des-pompes-a\u0300-chaleur.pdf\" rel=\"noopener noreferrer\">M2 Techniques des pompes a\u0300 chaleur<\/a><\/span><\/div>\r\n<div>\u00a0<\/div>\r\n<h3><span style=\"text-decoration: underline;\"><a href=\"http:\/\/event.pac.ch\">&gt;&gt; Inscription &lt;&lt;<\/a><\/span><\/h3>\r\n<h3><!-- \/wp:file -->\r\n\r\n<!-- wp:tadv\/classic-paragraph --><\/h3>\r\n<!-- \/wp:heading -->","protected":false},"excerpt":{"rendered":"<p>Les participants au cours connaissent les conditions d&#8217;utilisation d&#8217;une PAC, le fonctionnement de son circuit de refroidissement et son importance dans la technique des PAC.<\/p>\n","protected":false},"author":16,"featured_media":8895,"comment_status":"open","ping_status":"closed","sticky":false,"template":"","format":"standard","meta":{"footnotes":""},"categories":[19],"tags":[],"class_list":["post-4984","post","type-post","status-publish","format-standard","has-post-thumbnail","hentry","category-formation"],"_links":{"self":[{"href":"https:\/\/www.fws.ch\/fr\/wp-json\/wp\/v2\/posts\/4984","targetHints":{"allow":["GET"]}}],"collection":[{"href":"https:\/\/www.fws.ch\/fr\/wp-json\/wp\/v2\/posts"}],"about":[{"href":"https:\/\/www.fws.ch\/fr\/wp-json\/wp\/v2\/types\/post"}],"author":[{"embeddable":true,"href":"https:\/\/www.fws.ch\/fr\/wp-json\/wp\/v2\/users\/16"}],"replies":[{"embeddable":true,"href":"https:\/\/www.fws.ch\/fr\/wp-json\/wp\/v2\/comments?post=4984"}],"version-history":[{"count":8,"href":"https:\/\/www.fws.ch\/fr\/wp-json\/wp\/v2\/posts\/4984\/revisions"}],"predecessor-version":[{"id":7186,"href":"https:\/\/www.fws.ch\/fr\/wp-json\/wp\/v2\/posts\/4984\/revisions\/7186"}],"wp:featuredmedia":[{"embeddable":true,"href":"https:\/\/www.fws.ch\/fr\/wp-json\/wp\/v2\/media\/8895"}],"wp:attachment":[{"href":"https:\/\/www.fws.ch\/fr\/wp-json\/wp\/v2\/media?parent=4984"}],"wp:term":[{"taxonomy":"category","embeddable":true,"href":"https:\/\/www.fws.ch\/fr\/wp-json\/wp\/v2\/categories?post=4984"},{"taxonomy":"post_tag","embeddable":true,"href":"https:\/\/www.fws.ch\/fr\/wp-json\/wp\/v2\/tags?post=4984"}],"curies":[{"name":"wp","href":"https:\/\/api.w.org\/{rel}","templated":true}]}}