{"id":934,"date":"2018-10-11T12:13:03","date_gmt":"2018-10-11T12:13:03","guid":{"rendered":"https:\/\/www.fws.ch\/?p=934"},"modified":"2025-08-12T09:15:54","modified_gmt":"2025-08-12T09:15:54","slug":"conferences","status":"publish","type":"post","link":"https:\/\/www.fws.ch\/fr\/conferences\/","title":{"rendered":"Conf\u00e9rences"},"content":{"rendered":"<h3>CPR-PAC &#8211; 21 mars 2019<\/h3>\n<p><b>Communiqu\u00e9 de presse r\u00e9sumant le Congr\u00e8s des professionnels de la PAC du 21 mars 2019<br \/>\n<\/b><a href=\"https:\/\/www.fws.ch\/wp-content\/uploads\/2018\/10\/Communique\u0301-de-presse-23.05.pdf\" target=\"_blank\" rel=\"noopener noreferrer\">T\u00e9l\u00e9charger PDF<\/a><\/p>\n<p><b>\u00a0<\/b><\/p>\n<h3>AG du GSP &#8211; 25 avril 2018, conf\u00e9rences du colloque<\/h3>\n<p><b>Neuer \u00f6lfreier gasgelagerter Turbo-K\u00e4ltemittelverdichter<\/b><br \/>\nBeat Wellig, Professor f\u00fcr Thermodynamik, Verfahrens- und Umwelttechnik an der Hochschule Luzern<br \/>\n<a href=\"https:\/\/www.fws.ch\/wp-content\/uploads\/2018\/06\/180425-Beat-Wellig-FWS-Fachtagung-Pr\u00e4sentation-BWellig-HSLU.pdf\" target=\"_blank\" rel=\"noopener noreferrer\">Download PDF<\/a><\/p>\n<p><b>Normen versus Praxis der Brauchwarmwassererw\u00e4rmung mit W\u00e4rmepumpen<\/b><br \/>\nMick Eschmann, W\u00e4rmepumpen-Testzentrum WPZ und Akustik<br \/>\n<a href=\"https:\/\/www.fws.ch\/wp-content\/uploads\/2018\/06\/180425_Mick-Eschmann-Normen-vs-Praxis-2.pdf\" target=\"_blank\" rel=\"noopener noreferrer\">Download PDF<\/a><\/p>\n<p><b>Projets sur les pompes \u00e0 chaleur \u00e0 l\u2019Institut de G\u00e9nie Thermique<\/b><br \/>\nProf. Nicolas Weber, Directeur IGT<br \/>\n<a href=\"https:\/\/www.fws.ch\/wp-content\/uploads\/2018\/06\/180425-Nicola-Weber-Presentation_GSP_2018.04.25.pdf\" target=\"_blank\" rel=\"noopener noreferrer\">Download PDF<\/a><\/p>\n<p><b>W\u00e4rmepumpen in komplexer werdenden elektrischen und hydraulischen Systemen<\/b><br \/>\nProf. Dr. Ralph Eismann, Institut Energie am Bau<br \/>\n<a href=\"https:\/\/www.fws.ch\/wp-content\/uploads\/2018\/06\/180425-Ralph-Eismann-Vortrag-FWS_Eismann_230426.pdf\" target=\"_blank\" rel=\"noopener noreferrer\">Download PDF<\/a><\/p>\n<p>&nbsp;<\/p>\n<p><b>Reportage sur l&#8217;assembl\u00e9e g\u00e9n\u00e9rale du GSP du 10 mai 2017<\/b><br \/>\n<a href=\"https:\/\/www.fws.ch\/wp-content\/uploads\/2018\/10\/Reportage_AG_20170510_F.pdf\" target=\"_blank\" rel=\"noopener noreferrer\">Download PDF<\/a><\/p>\n<p>&nbsp;<\/p>\n<h3>Pr\u00e9sentations lors de l&#8217;assembl\u00e9e g\u00e9n\u00e9rale du GSP le 10 mai 2017 (Conf\u00e9rences en allemand)<\/h3>\n<p><b>Schweizer Photovoltaik-Markt im raschen Wandel<\/b><br \/>\nDavid Stickelberger, Gesch\u00e4ftsleiter Swissolar<br \/>\n<a href=\"https:\/\/www.fws.ch\/wp-content\/uploads\/2018\/04\/170510_swissolar_Stickelberger_David.pdf\" target=\"_blank\" rel=\"noopener noreferrer\">Download PDF<\/a><\/p>\n<p><b>Die neue K\u00e4ltemittelverordnung<\/b><br \/>\nPr\u00e4sentation SVK<br \/>\nRen\u00e9 Christen, Pr\u00e4sident Schweizerischer Verein f\u00fcr K\u00e4ltetechnik SVK<br \/>\n<a href=\"https:\/\/www.fws.ch\/wp-content\/uploads\/2018\/04\/170510-SVK-Christen_Praesentation_Verband_SVK.pdf\" target=\"_blank\" rel=\"noopener noreferrer\">Download PDF<\/a><\/p>\n<p><b>Schwerpunktprojekte und Aktuelles zur Geothermie<\/b><br \/>\nJ\u00fcrg Abb\u00fchl, Generalsekret\u00e4r GEOTHERMIE-SCHWEIZ<br \/>\n<a href=\"https:\/\/www.fws.ch\/wp-content\/uploads\/2018\/04\/170510-geothermie-Abbuehl-Praesentation_FWS_Schnittstellen_20170510_V2.pdf\" target=\"_blank\" rel=\"noopener noreferrer\">Download PDF<\/a><\/p>\n<p><b>Neuausrichtung Minergie<\/b><br \/>\nAndreas Meyer Primvavesi, Gesch\u00e4ftsleiter Minergie Schweiz<br \/>\n<a href=\"https:\/\/www.fws.ch\/wp-content\/uploads\/2018\/04\/170510-minergie-Andreas-Meyer_Neuausrichtung.pdf\" target=\"_blank\" rel=\"noopener noreferrer\">Download PDF<\/a><\/p>\n<p><b>Garantiefristen und Gew\u00e4hrleistung in der Geb\u00e4udetechnik<\/b><br \/>\nKonrad Imbach, Gesch\u00e4ftsf\u00fchrer Geb\u00e4udeKlima Schweiz GKS<br \/>\n<a href=\"https:\/\/www.fws.ch\/wp-content\/uploads\/2018\/04\/170510-GKS-Imbach-17-05-10-Protrait-GKS-fuer-FWS.pdf\" target=\"_blank\" rel=\"noopener noreferrer\">Download PDF<\/a><\/p>\n","protected":false},"excerpt":{"rendered":"<p>Le GSP organise des journ\u00e9es professionnelles, des ateliers et des manifestations d&#8217;information g\u00e9n\u00e9rale. Les pr\u00e9sentations de la plupart de ces manifestations sont disponibles gratuitement et t\u00e9l\u00e9chargeables ici.<\/p>\n","protected":false},"author":5,"featured_media":342,"comment_status":"closed","ping_status":"closed","sticky":false,"template":"","format":"standard","meta":{"footnotes":""},"categories":[22],"tags":[],"class_list":["post-934","post","type-post","status-publish","format-standard","has-post-thumbnail","hentry","category-nos-services"],"_links":{"self":[{"href":"https:\/\/www.fws.ch\/fr\/wp-json\/wp\/v2\/posts\/934","targetHints":{"allow":["GET"]}}],"collection":[{"href":"https:\/\/www.fws.ch\/fr\/wp-json\/wp\/v2\/posts"}],"about":[{"href":"https:\/\/www.fws.ch\/fr\/wp-json\/wp\/v2\/types\/post"}],"author":[{"embeddable":true,"href":"https:\/\/www.fws.ch\/fr\/wp-json\/wp\/v2\/users\/5"}],"replies":[{"embeddable":true,"href":"https:\/\/www.fws.ch\/fr\/wp-json\/wp\/v2\/comments?post=934"}],"version-history":[{"count":8,"href":"https:\/\/www.fws.ch\/fr\/wp-json\/wp\/v2\/posts\/934\/revisions"}],"predecessor-version":[{"id":2597,"href":"https:\/\/www.fws.ch\/fr\/wp-json\/wp\/v2\/posts\/934\/revisions\/2597"}],"wp:featuredmedia":[{"embeddable":true,"href":"https:\/\/www.fws.ch\/fr\/wp-json\/wp\/v2\/media\/342"}],"wp:attachment":[{"href":"https:\/\/www.fws.ch\/fr\/wp-json\/wp\/v2\/media?parent=934"}],"wp:term":[{"taxonomy":"category","embeddable":true,"href":"https:\/\/www.fws.ch\/fr\/wp-json\/wp\/v2\/categories?post=934"},{"taxonomy":"post_tag","embeddable":true,"href":"https:\/\/www.fws.ch\/fr\/wp-json\/wp\/v2\/tags?post=934"}],"curies":[{"name":"wp","href":"https:\/\/api.w.org\/{rel}","templated":true}]}}