{"id":951,"date":"2018-10-11T13:47:40","date_gmt":"2018-10-11T13:47:40","guid":{"rendered":"https:\/\/www.fws.ch\/?p=951"},"modified":"2025-08-12T11:36:34","modified_gmt":"2025-08-12T11:36:34","slug":"brochures-dinformation","status":"publish","type":"post","link":"https:\/\/www.fws.ch\/fr\/brochures-dinformation\/","title":{"rendered":"Brochures d&#8217;information"},"content":{"rendered":"\n<div class=\"wp-block-columns is-layout-flex wp-container-core-columns-is-layout-9d6595d7 wp-block-columns-is-layout-flex\">\n<div class=\"wp-block-column is-layout-flow wp-block-column-is-layout-flow\">\n<p><b>G\u00e9othermie en Suisse<\/b><br>Une source d&#8217;\u00e9nergie polyvalente.<br>Office f\u00e9d\u00e9ral de l&#8217;\u00e9nergie (OFEN &#8211; SuisseEnergie)<br><a href=\"https:\/\/www.fws.ch\/wp-content\/uploads\/2018\/10\/OFEN-Geothermie-in-der-Schweiz-f.pdf\" target=\"_blank\" rel=\"noopener noreferrer\">T\u00e9l\u00e9chargement PDF<\/a><\/p>\n<\/div>\n\n\n\n<div class=\"wp-block-column is-layout-flow wp-block-column-is-layout-flow\">\n<p><b>Chauffer et rafra\u00eechir avec une \u00e9nergie renouvelable<\/b><br>G\u00e9othermie \u00e0 tr\u00e8s basse \u00e9nergie.<br>ADEME, Agence de l&#8217;environnement et de la ma\u00eetrise de l&#8217;\u00e9nergie, France<br><a href=\"https:\/\/www.fws.ch\/wp-content\/uploads\/2018\/10\/ADEME_chauffer_rafraichir_geothermie_tres_basse_energie_mars_2017.pdf\" target=\"_blank\" rel=\"noopener noreferrer\">T\u00e9l\u00e9chargement PDF<\/a><\/p>\n<\/div>\n\n\n\n<div class=\"wp-block-column is-layout-flow wp-block-column-is-layout-flow\">\n<p><b>Pompes \u00e0 chaleur &#8211; Questions et r\u00e9ponses<\/b><br>R\u00e9ponses aux questions des personnes qui souhaitent mieux conna\u00eetre les pompes \u00e0 chaleur.<br>Office f\u00e9d\u00e9ral de l&#8217;\u00e9nergie (OFEN &#8211; SuisseEnergie)<br><a href=\"https:\/\/www.fws.ch\/wp-content\/uploads\/2018\/10\/OFEN_PAC_en_9_questions_brochure_F_0210.pdf\" target=\"_blank\" rel=\"noopener noreferrer\">T\u00e9l\u00e9chargement PDF<\/a><\/p>\n<\/div>\n\n\n\n<div class=\"wp-block-column is-layout-flow wp-block-column-is-layout-flow\">\n<p><b>Les pompes \u00e0 chaleur<\/b><br>S\u00fbres, efficientes et durables.<br>Information g\u00e9n\u00e9rale sur les pompes \u00e0 chaleur, Office f\u00e9d\u00e9ral de l&#8217;\u00e9nergie (OFEN &#8211; SuisseEnergie)<br><a href=\"https:\/\/www.fws.ch\/wp-content\/uploads\/2018\/10\/OFEN-Les-PAC-surs-efficientes-et-durable-805.067-F.pdf\" target=\"_blank\" rel=\"noopener noreferrer\">T\u00e9l\u00e9chargement PDF<\/a><\/p>\n<\/div>\n<\/div>\n\n\n\n<div class=\"wp-block-columns is-layout-flex wp-container-core-columns-is-layout-9d6595d7 wp-block-columns-is-layout-flex\">\n<div class=\"wp-block-column is-layout-flow wp-block-column-is-layout-flow\">\n<p><b>Le bon chauffage au bon endroit<\/b><br>Brochure des services de l&#8217;\u00e9nergie et de l&#8217;environnement des cantons de Berne, Fribourg, Gen\u00e8ve, Jura, Neuch\u00e2tel, Valais et Vaud.<br><a href=\"https:\/\/www.fws.ch\/wp-content\/uploads\/2018\/10\/EnDK_le_bon_chauffage_au_bon_endroit_F.pdf\" target=\"_blank\" rel=\"noopener noreferrer\">T\u00e9l\u00e9chargement PDF &#8211; fichier pour lecture \u00e0 l&#8217;\u00e9cran<\/a><br><a href=\"https:\/\/www.fws.ch\/wp-content\/uploads\/2018\/10\/EnDK_le_bon_chauffage_au_bon_endroit-print_F.pdf\" target=\"_blank\" rel=\"noopener noreferrer\">T\u00e9l\u00e9chargement PDF &#8211; fichier pour impression (r\u00e9glage de l&#8217;imprimante: papier A4, orientation paysage, taille 100%, 2 pages par A4)<\/a><\/p>\n<\/div>\n<\/div>\n\n\n\n<div class=\"wp-block-columns is-layout-flex wp-container-core-columns-is-layout-9d6595d7 wp-block-columns-is-layout-flex\">\n<div class=\"wp-block-column is-layout-flow wp-block-column-is-layout-flow\">\n<p><b>Strat\u00e9gie \u00e9nerg\u00e9tique 2050 &#8211; \u00e9tat des lieux avant la seconde lecture au sein du conseil national<\/b><br>OFEN, f\u00e9vrier 2016<br><a href=\"https:\/\/www.fws.ch\/wp-content\/uploads\/2018\/10\/Strategie-energetique-2050-etat-des-lieux-190216-F.pdf\" target=\"_blank\" rel=\"noopener noreferrer\">T\u00e9l\u00e9chargement PDF<\/a><\/p>\n<\/div>\n\n\n\n<div class=\"wp-block-column is-layout-flow wp-block-column-is-layout-flow\">\n<p><b>La pompe \u00e0 chaleur. Ecologiquement judicieux, \u00e0 la pointe de la technique<\/b><br>Exemple d&#8217;assainissement d&#8217;une chaudi\u00e8re \u00e0 \u00e9nergie fossile.<br>Office f\u00e9d\u00e9ral de l&#8217;\u00e9nergie (OFEN &#8211; SuisseEnergie) et GSP<br><a href=\"https:\/\/www.fws.ch\/wp-content\/uploads\/2018\/10\/La-pompe-a-chaleur-orange-F.pdf\" target=\"_blank\" rel=\"noopener noreferrer\">T\u00e9l\u00e9chargement PDF<\/a><\/p>\n<\/div>\n\n\n\n<div class=\"wp-block-column is-layout-flow wp-block-column-is-layout-flow\">\n<p><b>Remplacement des chauffages \u00e9lectriques<\/b><br>Guide pour une r\u00e9novation r\u00e9ussie.<br>Office f\u00e9d\u00e9ral de l&#8217;\u00e9nergie (OFEN &#8211; SuisseEnergie), octobre 2015<br><a href=\"https:\/\/www.fws.ch\/wp-content\/uploads\/2018\/10\/OFEN-Remplacement-chauffages-electriques-guide-1015-F.pdf\" target=\"_blank\" rel=\"noopener noreferrer\">T\u00e9l\u00e9chargement PDF<\/a><\/p>\n<\/div>\n\n\n\n<div class=\"wp-block-column is-layout-flow wp-block-column-is-layout-flow\">\n<p><b>R\u00e9novation des b\u00e2timents &#8211; Comment r\u00e9duire de moiti\u00e9 la consommation \u00e9nerg\u00e9tique dans une maison individuelle gr\u00e2ce \u00e0 des mesures cibl\u00e9es<\/b><br>Document de la Conf\u00e9rence des services cantonaux de l&#8217;\u00e9nergie EnFK<br><a href=\"https:\/\/www.fws.ch\/wp-content\/uploads\/2018\/10\/EnDK-Renovation-des-batiments-F.pdf\" target=\"_blank\" rel=\"noopener noreferrer\">T\u00e9l\u00e9chargement PDF<\/a><\/p>\n<\/div>\n<\/div>\n\n\n\n<div class=\"wp-block-columns is-layout-flex wp-container-core-columns-is-layout-9d6595d7 wp-block-columns-is-layout-flex\">\n<div class=\"wp-block-column is-layout-flow wp-block-column-is-layout-flow\">\n<p><b>R\u00e9novation \u00e9nerg\u00e9tique \u2013 Guide pour les ma\u00eetres d\u2019ouvrage<\/b><br>OFEN, juin 2010<br><a href=\"https:\/\/www.fws.ch\/wp-content\/uploads\/2018\/10\/5324-EnergieSchweiz-805.010-Energiegerecht-F-web.pdf\" target=\"_blank\" rel=\"noopener noreferrer\">T\u00e9l\u00e9chargement PDF<\/a><\/p>\n<\/div>\n\n\n\n<div class=\"wp-block-column is-layout-flow wp-block-column-is-layout-flow\">\n<p><b>R\u00e9novation \u00e9nerg\u00e9tiquement correcte des immeubles locatifs &#8211; Recommandations pour la r\u00e9novation strat\u00e9gique des b\u00e2timents<\/b><br>OFEN, d\u00e9cembre 2008<br><a href=\"https:\/\/www.fws.ch\/wp-content\/uploads\/2018\/10\/OFEN-Renovation-energetiquement-correct-immeubles-F.pdf\" target=\"_blank\" rel=\"noopener noreferrer\">T\u00e9l\u00e9chargement PDF<\/a><\/p>\n<\/div>\n\n\n\n<div class=\"wp-block-column is-layout-flow wp-block-column-is-layout-flow\">\n<p><b>Assainir, \u00e7a paye. Le Programme B\u00e2timents &#8211; Mode d\u2019emploi<\/b><br><a href=\"https:\/\/www.fws.ch\/wp-content\/uploads\/2018\/10\/Assainir-ca-paye-Programme-Batiment.pdf\" target=\"_blank\" rel=\"noopener noreferrer\">T\u00e9l\u00e9chargement PDF<\/a><\/p>\n<\/div>\n\n\n\n<div class=\"wp-block-column is-layout-flow wp-block-column-is-layout-flow\">\n<p><b>Le guide du chauffage \u00e0 l&#8217;intention des concierges<\/b><br>Document de la Conf\u00e9rence des services cantonaux de l&#8217;\u00e9nergie EnFK<br><a href=\"https:\/\/www.fws.ch\/wp-content\/uploads\/2018\/10\/OFEN-Guide-du-chauffage.pdf\" target=\"_blank\" rel=\"noopener noreferrer\">T\u00e9l\u00e9chargement PDF<\/a><\/p>\n<\/div>\n<\/div>\n\n\n\n<div class=\"wp-block-columns is-layout-flex wp-container-core-columns-is-layout-9d6595d7 wp-block-columns-is-layout-flex\">\n<div class=\"wp-block-column is-layout-flow wp-block-column-is-layout-flow\">\n<p><b>Mieux isoler les sous-sol<\/b><br>Conseils pratiques pour optimiser l&#8217;isolation.<br>Services de l&#8217;\u00e9nergie des cantons suisses et de la Principaut\u00e9 du Liechtenstein, SuisseEnergie, Office f\u00e9d\u00e9ral de l&#8217;\u00e9nergie, OFEN<br><a href=\"https:\/\/www.fws.ch\/wp-content\/uploads\/2018\/10\/OFEN-Mieux-isoler-les-sous-sol.pdf\" target=\"_blank\" rel=\"noopener noreferrer\">T\u00e9l\u00e9chargement PDF<\/a><\/p>\n<\/div>\n\n\n\n<div class=\"wp-block-column is-layout-flow wp-block-column-is-layout-flow\">\n<p><b>Un immeuble en PPE chauff\u00e9 par une pompe \u00e0 chaleur \u00e9quip\u00e9e de sondes g\u00e9othermiques<\/b><br><a href=\"https:\/\/www.fws.ch\/wp-content\/uploads\/2018\/10\/Article-AF-immeuble-en-PPE-a-Guin-papier-GSP-ad.-arch.-0606.pdf\" target=\"_blank\" rel=\"noopener noreferrer\">T\u00e9l\u00e9chargement PDF<\/a><\/p>\n<\/div>\n\n\n\n<div class=\"wp-block-column is-layout-flow wp-block-column-is-layout-flow\">\n<p><b>Coop\u00e9rative immobili\u00e8re r\u00e9nov\u00e9e avec une pompe \u00e0 chaleur<\/b><br><a href=\"https:\/\/www.fws.ch\/wp-content\/uploads\/2018\/10\/Cooperative-immobiliere-F.pdf\" target=\"_blank\" rel=\"noopener noreferrer\">T\u00e9l\u00e9chargement PDF<\/a><\/p>\n<\/div>\n\n\n\n<div class=\"wp-block-column is-layout-flow wp-block-column-is-layout-flow\">\n<p><b>Ferme fribourgeoise &#8211; Chauffage et eau chaude sanitaire avec une PAC air-eau<\/b><br><a href=\"https:\/\/www.fws.ch\/wp-content\/uploads\/2018\/10\/Elcotherm-r-o-ext.-Morel-a-Lentigny-recto-verso.pdf\" target=\"_blank\" rel=\"noopener noreferrer\">T\u00e9l\u00e9chargement PDF<\/a><\/p>\n<\/div>\n<\/div>\n","protected":false},"excerpt":{"rendered":"<p>Des brochures claires vous aident \u00e0 prendre la bonne d\u00e9cision en mati\u00e8re de pompes \u00e0 chaleur. Elles expliquent les principes techniques et pr\u00e9sentent des syst\u00e8mes de chauffage mis en place.<\/p>\n","protected":false},"author":5,"featured_media":435,"comment_status":"open","ping_status":"closed","sticky":false,"template":"","format":"standard","meta":{"footnotes":""},"categories":[22],"tags":[],"class_list":["post-951","post","type-post","status-publish","format-standard","has-post-thumbnail","hentry","category-nos-services"],"_links":{"self":[{"href":"https:\/\/www.fws.ch\/fr\/wp-json\/wp\/v2\/posts\/951","targetHints":{"allow":["GET"]}}],"collection":[{"href":"https:\/\/www.fws.ch\/fr\/wp-json\/wp\/v2\/posts"}],"about":[{"href":"https:\/\/www.fws.ch\/fr\/wp-json\/wp\/v2\/types\/post"}],"author":[{"embeddable":true,"href":"https:\/\/www.fws.ch\/fr\/wp-json\/wp\/v2\/users\/5"}],"replies":[{"embeddable":true,"href":"https:\/\/www.fws.ch\/fr\/wp-json\/wp\/v2\/comments?post=951"}],"version-history":[{"count":5,"href":"https:\/\/www.fws.ch\/fr\/wp-json\/wp\/v2\/posts\/951\/revisions"}],"predecessor-version":[{"id":16025,"href":"https:\/\/www.fws.ch\/fr\/wp-json\/wp\/v2\/posts\/951\/revisions\/16025"}],"wp:featuredmedia":[{"embeddable":true,"href":"https:\/\/www.fws.ch\/fr\/wp-json\/wp\/v2\/media\/435"}],"wp:attachment":[{"href":"https:\/\/www.fws.ch\/fr\/wp-json\/wp\/v2\/media?parent=951"}],"wp:term":[{"taxonomy":"category","embeddable":true,"href":"https:\/\/www.fws.ch\/fr\/wp-json\/wp\/v2\/categories?post=951"},{"taxonomy":"post_tag","embeddable":true,"href":"https:\/\/www.fws.ch\/fr\/wp-json\/wp\/v2\/tags?post=951"}],"curies":[{"name":"wp","href":"https:\/\/api.w.org\/{rel}","templated":true}]}}