{"id":963,"date":"2018-10-11T14:04:14","date_gmt":"2018-10-11T14:04:14","guid":{"rendered":"https:\/\/www.fws.ch\/?p=963"},"modified":"2024-03-14T14:33:58","modified_gmt":"2024-03-14T14:33:58","slug":"publications-specialisees","status":"publish","type":"post","link":"https:\/\/www.fws.ch\/fr\/publications-specialisees\/","title":{"rendered":"Publications sp\u00e9cialis\u00e9es"},"content":{"rendered":"\n<div class=\"wp-block-columns is-layout-flex wp-container-core-columns-is-layout-9d6595d7 wp-block-columns-is-layout-flex\">\n<div class=\"wp-block-column is-layout-flow wp-block-column-is-layout-flow\">\n<p><b>Pompes \u00e0 chaleur : subventions cantonales romandes en 2018<\/b><br>GSP, juillet 2018<br><a href=\"https:\/\/www.fws.ch\/wp-content\/uploads\/2018\/10\/SubventionsCantonalesPAC2018_GSP.pdf\" target=\"_blank\" rel=\"noopener noreferrer\">T\u00e9l\u00e9chargement PDF<\/a><\/p>\n<\/div>\n\n\n\n<div class=\"wp-block-column is-layout-flow wp-block-column-is-layout-flow\">\n<p><b>Aper\u00e7u du march\u00e9 des chauffe-eau pompe \u00e0 chaleur en Suisse (en anglais)<\/b><br>OFEN, novembre 2016<br><a href=\"https:\/\/www.fws.ch\/wp-content\/uploads\/2018\/10\/Market_Overview_Country_Report_Switzerland_Annex_46_DHWHP_Task1.pdf\" target=\"_blank\" rel=\"noopener noreferrer\">T\u00e9l\u00e9chargement PDF<\/a><\/p>\n<\/div>\n\n\n\n<div class=\"wp-block-column is-layout-flow wp-block-column-is-layout-flow\">\n<p><b>Les installations techniques du b\u00e2timent soutiennent la r\u00e9alisation des objectifs de la strat\u00e9gie \u00e9nerg\u00e9tique<\/b><br>OFEN, janvier 2016<br><a href=\"https:\/\/www.fws.ch\/wp-content\/uploads\/2018\/10\/42510_BFE_KGTV_Gebaeudetechnikpotenziale_FactSheet_TEP_160112_FR.pdf\" target=\"_blank\" rel=\"noopener noreferrer\">T\u00e9l\u00e9chargement PDF<\/a><\/p>\n<\/div>\n<\/div>\n\n\n\n<div class=\"wp-block-columns is-layout-flex wp-container-core-columns-is-layout-9d6595d7 wp-block-columns-is-layout-flex\">\n<div class=\"wp-block-column is-layout-flow wp-block-column-is-layout-flow\">\n<p><b>Pompes \u00e0 chaleur<\/b><br><i>Planification | Optimisation | Fonctionnement | Entretien<\/i><br>Manuel \u00e0 l&#8217;attention des planificateur et installateurs en chauffage pour la r\u00e9alisation d&#8217;installations de chauffage par pompes \u00e0 chaleur.<br>OFEN \/ GSP<br><a href=\"https:\/\/pubdb.bfe.admin.ch\/fr\/publication\/download\/3188\">T\u00e9l\u00e9chargement PDF<\/a><\/p>\n<\/div>\n\n\n\n<div class=\"wp-block-column is-layout-flow wp-block-column-is-layout-flow\">\n<p><b>Syst\u00e8mes de pompes \u00e0 chaleur et solaire pour b\u00e2timents r\u00e9sidentiels<\/b><br>La combinaison entre pompes \u00e0 chaleur et composants solaires pour am\u00e9liorer l&#8217;efficacit\u00e9 \u00e9nerg\u00e9tique.<br>J.-C. Hadorn, juillet 2015<br><a href=\"http:\/\/eu.wiley.com\/WileyCDA\/WileyTitle\/productCd-3433030405.html\" target=\"_blank\" rel=\"noopener noreferrer\">Commande (livre en anglais)<\/a><\/p>\n<\/div>\n<\/div>\n\n\n\n<div class=\"wp-block-columns is-layout-flex wp-container-core-columns-is-layout-9d6595d7 wp-block-columns-is-layout-flex\">\n<div class=\"wp-block-column is-layout-flow wp-block-column-is-layout-flow\">\n<p><b>Tagungsband 25. W\u00e4rmepumpen-Tagung<\/b><br>Tagungsband der 25. Tagung des Forschungsprogramms W\u00e4rmepumpen und K\u00e4lte des Bundesamts f\u00fcr Energie (BFE), Mittwoch, 26. Juni 2019 BFH Burgdorf.<br><a href=\"https:\/\/www.fws.ch\/wp-content\/uploads\/2019\/11\/BBL_Tagungsband-2019_WEB.pdf\" target=\"_blank\" rel=\"noopener noreferrer\">Download PDF<\/a><\/p>\n<\/div>\n\n\n\n<div class=\"wp-block-column is-layout-flow wp-block-column-is-layout-flow\">\n<p><b>Tagungsband 24. W\u00e4rmepumpen-Tagung<\/b><br>Tagungsband der 24. Tagung des Forschungsprogramms W\u00e4rmepumpen und K\u00e4lte des Bundesamts f\u00fcr Energie (BFE), Mittwoch, 27. Juni 2018 BFH Burgdorf.<br><a href=\"https:\/\/www.fws.ch\/wp-content\/uploads\/2019\/01\/181609_BfB_Broschuere.pdf\" target=\"_blank\" rel=\"noopener noreferrer\">Download PDF<\/a><\/p>\n<\/div>\n\n\n\n<div class=\"wp-block-column is-layout-flow wp-block-column-is-layout-flow\">\n<p><b>Tagungsband 23. W\u00e4rmepumpen-Tagung<\/b><br>Tagungsband der 23. Tagung des Forschungsprogramms W\u00e4rmepumpen und K\u00e4lte des Bundesamts f\u00fcr Energie (BFE), Mittwoch, 14. Juni 2017 HTI Burgdorf.<br><a href=\"https:\/\/www.fws.ch\/wp-content\/uploads\/2018\/06\/BFE-Waermepumpentagung-Tagungsband-2017.pdf\" target=\"_blank\" rel=\"noopener noreferrer\">Download PDF<\/a><\/p>\n<\/div>\n<\/div>\n\n\n\n<div class=\"wp-block-columns is-layout-flex wp-container-core-columns-is-layout-9d6595d7 wp-block-columns-is-layout-flex\">\n<div class=\"wp-block-column is-layout-flow wp-block-column-is-layout-flow\">\n<p><b>Tagungsband 22. W\u00e4rmepumpen-Tagung<\/b><br>Tagungsband der 22. Tagung des Forschungsprogramms W\u00e4rmepumpen und K\u00e4lte des Bundesamts f\u00fcr Energie (BFE), Mittwoch, 22. Juni 2016 HTI Burgdorf.<br><a href=\"https:\/\/www.fws.ch\/wp-content\/uploads\/2018\/06\/web_Tagung2016.pdf\" target=\"_blank\" rel=\"noopener noreferrer\">Download PDF<\/a><\/p>\n<\/div>\n\n\n\n<div class=\"wp-block-column is-layout-flow wp-block-column-is-layout-flow\">\n<p><b>Tagungsband 21. W\u00e4rmepumpen-Tagung<\/b><br>Tagungsband der 21. Tagung des Forschungsprogramms W\u00e4rmepumpen und K\u00e4lte des Bundesamts f\u00fcr Energie (BFE), Mittwoch, 17. Juni 2015 HTI Burgdorf.<br><a href=\"https:\/\/www.fws.ch\/wp-content\/uploads\/2018\/06\/Tagungsband-21.-Waermepumpen-Tagung.pdf\" target=\"_blank\" rel=\"noopener noreferrer\">Download PDF<\/a><\/p>\n<\/div>\n\n\n\n<div class=\"wp-block-column is-layout-flow wp-block-column-is-layout-flow\">\n<p><b>Tagungsband 20. W\u00e4rmepumpen-Tagung<\/b><br>Tagungsband der 20. Tagung des Forschungsprogramms W\u00e4rmepumpen und K\u00e4lte des Bundesamts f\u00fcr Energie (BFE), Mittwoch, 25. Juni 2014 HTI Burgdorf.<br><a href=\"https:\/\/www.fws.ch\/wp-content\/uploads\/2018\/10\/Tagungsband-20.-Waermepumpen-Tagung.pdf\" target=\"_blank\" rel=\"noopener noreferrer\">T\u00e9l\u00e9chargement PDF (document en allemand)<\/a><\/p>\n<\/div>\n<\/div>\n\n\n\n<div class=\"wp-block-columns is-layout-flex wp-container-core-columns-is-layout-9d6595d7 wp-block-columns-is-layout-flex\">\n<div class=\"wp-block-column is-layout-flow wp-block-column-is-layout-flow\">\n<p><b>Tagungsband 19. W\u00e4rmepumpen-Tagung<\/b><br>Tagungsband der 19. Tagung des Forschungsprogramms W\u00e4rmepumpen und K\u00e4lte des Bundesamts f\u00fcr Energie (BFE), Mittwoch, 26. Juni 2013 HTI Burgdorf.<br><a href=\"https:\/\/www.fws.ch\/wp-content\/uploads\/2018\/10\/Tagungsband-19.-Waermepumpen-Tagung.pdf\" target=\"_blank\" rel=\"noopener noreferrer\">T\u00e9l\u00e9chargement PDF (document en allemand)<\/a><\/p>\n<\/div>\n\n\n\n<div class=\"wp-block-column is-layout-flow wp-block-column-is-layout-flow\">\n<p><b>Tagungsband 18. W\u00e4rmepumpen-Tagung<\/b><br>Tagungsband der 18. Tagung des Forschungsprogramms W\u00e4rmepumpen und K\u00e4lte des Bundesamts f\u00fcr Energie (BFE), Mittwoch, 27. Juni 2012 HTI Burgdorf.<br><a href=\"https:\/\/www.fws.ch\/wp-content\/uploads\/2018\/10\/Tagungsband_Komplett_2012.pdf\" target=\"_blank\" rel=\"noopener noreferrer\">T\u00e9l\u00e9chargement PDF (document en allemand)<\/a><\/p>\n<\/div>\n\n\n\n<div class=\"wp-block-column is-layout-flow wp-block-column-is-layout-flow\">\n<p><b>Tagungsband 17. W\u00e4rmepumpen-Tagung<\/b><br>Tagungsband der 17. Tagung des Forschungsprogramms W\u00e4rmepumpen, W\u00e4rme-Kraft-Kopplung, K\u00e4lte des Bundesamts f\u00fcr Energie (BFE), Mittwoch, 29. Juni 2011 HTI Burgdorf.<br><a href=\"https:\/\/www.fws.ch\/wp-content\/uploads\/2018\/10\/Tagungsband_2011.pdf\" target=\"_blank\" rel=\"noopener noreferrer\">T\u00e9l\u00e9chargement PDF (document en allemand)<\/a><\/p>\n<\/div>\n<\/div>\n\n\n\n<h2 class=\"wp-block-heading\">Rapports d&#8217;activit\u00e9s<\/h2>\n\n\n\n<div class=\"wp-block-columns is-layout-flex wp-container-core-columns-is-layout-9d6595d7 wp-block-columns-is-layout-flex\">\n<div class=\"wp-block-column is-layout-flow wp-block-column-is-layout-flow\">\n<p><b>Rapport d&#8217;activit\u00e9 2018 de l&#8217;Antenne romande du GSP<\/b><br>Rapport de gestion, janvier 2019.<br><a href=\"https:\/\/www.fws.ch\/wp-content\/uploads\/2019\/05\/FWS_Jahresbericht_2018_fr.pdf\" target=\"_blank\" rel=\"noopener noreferrer\">T\u00e9l\u00e9chargement PDF<\/a><\/p>\n<\/div>\n\n\n\n<div class=\"wp-block-column is-layout-flow wp-block-column-is-layout-flow\">\n<p><b>Rapport d&#8217;activit\u00e9 2017 de l&#8217;Antenne romande du GSP<\/b><br>Rapport de gestion, janvier 2018.<br><a href=\"https:\/\/www.fws.ch\/wp-content\/uploads\/2019\/02\/FWS_Jahresbericht_f_korr_4_DEFF.pdf\" target=\"_blank\" rel=\"noopener noreferrer\">T\u00e9l\u00e9chargement PDF<\/a><\/p>\n<\/div>\n\n\n\n<div class=\"wp-block-column is-layout-flow wp-block-column-is-layout-flow\">\n<p><b>Rapport d&#8217;activit\u00e9 2016 de l&#8217;Antenne romande du GSP<\/b><br>Rapport de gestion, janvier 2017.<br><a href=\"https:\/\/www.fws.ch\/wp-content\/uploads\/2018\/10\/Rapport-de-gestion-2016.pdf\" target=\"_blank\" rel=\"noopener noreferrer\">T\u00e9l\u00e9chargement PDF<\/a><\/p>\n<\/div>\n<\/div>\n\n\n\n<div class=\"wp-block-columns is-layout-flex wp-container-core-columns-is-layout-9d6595d7 wp-block-columns-is-layout-flex\">\n<div class=\"wp-block-column is-layout-flow wp-block-column-is-layout-flow\">\n<p><b>Rapport d&#8217;activit\u00e9 2015 de l&#8217;Antenne romande du GSP<\/b><br>Rapport de gestion, janvier 2016.<br><a href=\"https:\/\/www.fws.ch\/wp-content\/uploads\/2018\/10\/Rapport_de_gestion_2015.pdf\" target=\"_blank\" rel=\"noopener noreferrer\">T\u00e9l\u00e9chargement PDF<\/a><\/p>\n<\/div>\n\n\n\n<div class=\"wp-block-column is-layout-flow wp-block-column-is-layout-flow\">\n<p><b>Rapport d&#8217;activit\u00e9 2014 de l&#8217;Antenne romande du GSP<\/b><br>Rapport de gestion, janvier 2015.<br><a href=\"https:\/\/www.fws.ch\/wp-content\/uploads\/2018\/10\/Rapport-de-gestion-2014.pdf\" target=\"_blank\" rel=\"noopener noreferrer\">T\u00e9l\u00e9chargement PDF<\/a><\/p>\n<\/div>\n\n\n\n<div class=\"wp-block-column is-layout-flow wp-block-column-is-layout-flow\">\n<p><b>Rapport d&#8217;activit\u00e9 2013 de l&#8217;Antenne romande du GSP<\/b><br>Rapport de gestion, janvier 2014.<br><a href=\"https:\/\/www.fws.ch\/wp-content\/uploads\/2018\/10\/Rapport-de-gestion-2013.pdf\" target=\"_blank\" rel=\"noopener noreferrer\">T\u00e9l\u00e9chargement PDF<\/a><\/p>\n<\/div>\n<\/div>\n\n\n\n<h2 class=\"wp-block-heading\">Rapports techniques<\/h2>\n\n\n\n<div class=\"wp-block-columns is-layout-flex wp-container-core-columns-is-layout-9d6595d7 wp-block-columns-is-layout-flex\">\n<div class=\"wp-block-column is-layout-flow wp-block-column-is-layout-flow\">\n<p><b>Proc\u00e9dures d&#8217;autorisation pour les sondes g\u00e9othermiques dans les cantons<\/b><br>SuisseEnergie, mars 2017<br><a href=\"https:\/\/www.fws.ch\/wp-content\/uploads\/2018\/10\/Procedures_autorisation_SGV_fr.pdf\" target=\"_blank\" rel=\"noopener noreferrer\">T\u00e9l\u00e9chargement PDF<\/a><\/p>\n<\/div>\n\n\n\n<div class=\"wp-block-column is-layout-flow wp-block-column-is-layout-flow\">\n<p><b>Proc\u00e9dures d&#8217;autorisation en mati\u00e8re d&#8217;utilisation de la chaleur des eaux souterraines dans les cantons<\/b><br>SuisseEnergie, mars 2017<br><a href=\"https:\/\/www.fws.ch\/wp-content\/uploads\/2018\/10\/Procedure_autorisation_UCES_fr.pdf\" target=\"_blank\" rel=\"noopener noreferrer\">T\u00e9l\u00e9chargement PDF<\/a><\/p>\n<\/div>\n\n\n\n<div class=\"wp-block-column is-layout-flow wp-block-column-is-layout-flow\">\n<p><b>Rapport &#8220;Enqu\u00eate SGV&#8221; : r\u00e9sultats de l&#8217;enqu\u00eate sur la proc\u00e9dure de dimensionnement des SGV en tenant compte des voisins<\/b><br>SuisseEnergie, f\u00e9vrier 2017<br><a href=\"https:\/\/www.fws.ch\/wp-content\/uploads\/2018\/10\/Resultats_enquete_procedure_dimensionnement_SGV_tenant_compte_voisins_170211_F.pdf\" target=\"_blank\" rel=\"noopener noreferrer\">T\u00e9l\u00e9chargement PDF<\/a><\/p>\n<\/div>\n<\/div>\n\n\n\n<div class=\"wp-block-columns is-layout-flex wp-container-core-columns-is-layout-9d6595d7 wp-block-columns-is-layout-flex\">\n<div class=\"wp-block-column is-layout-flow wp-block-column-is-layout-flow\">\n<p><b>Renouvellement d&#8217;une pompe \u00e0 chaleur g\u00e9othermique : check-list des points importants \u00e0 respecter<\/b><br>SuisseEnergie, rapport final, 18 d\u00e9cembre 2015<br><a href=\"https:\/\/www.fws.ch\/wp-content\/uploads\/2018\/10\/Rapport_final_check-list_PAC_F.pdf\" target=\"_blank\" rel=\"noopener noreferrer\">T\u00e9l\u00e9chargement PDF<\/a><\/p>\n<\/div>\n\n\n\n<div class=\"wp-block-column is-layout-flow wp-block-column-is-layout-flow\">\n<p><b>Assurance qualit\u00e9 des sondes g\u00e9othermiques &#8211; Aper\u00e7u des m\u00e9thodes de mesure pour le contr\u00f4le du remplissage<\/b><br>SuisseEnergie, rapport final, 16 avril 2015<br><a href=\"https:\/\/www.fws.ch\/wp-content\/uploads\/2018\/10\/Rapport_final_controle_qualite_remplissage_SGV_2015.pdf\" target=\"_blank\" rel=\"noopener noreferrer\">T\u00e9l\u00e9chargement PDF<\/a><\/p>\n<\/div>\n\n\n\n<div class=\"wp-block-column is-layout-flow wp-block-column-is-layout-flow\">\n<p><b>Assurance qualit\u00e9 des installations de pompe \u00e0 chaleur<\/b><br>Contr\u00f4le d&#8217;ex\u00e9cution 2011 &#8211; Rapport final, juin 2012<br><a href=\"https:\/\/www.fws.ch\/wp-content\/uploads\/2018\/10\/rapport_2011_assurance_qualite_PAC.pdf\" target=\"_blank\" rel=\"noopener noreferrer\">T\u00e9l\u00e9chargement PDF<\/a><\/p>\n<\/div>\n<\/div>\n\n\n\n<div class=\"wp-block-columns is-layout-flex wp-container-core-columns-is-layout-9d6595d7 wp-block-columns-is-layout-flex\">\n<div class=\"wp-block-column is-layout-flow wp-block-column-is-layout-flow\">\n<p><b>Etude sur le remplacement des chauffages \u00e9lectrique par des pompes \u00e0 chaleur dans le canton de Fribourg<\/b><br>Rapport final, juin 2013<br><a href=\"https:\/\/www.fws.ch\/wp-content\/uploads\/2018\/10\/rapport_2013_etude_rempl_ch_elec_par_PAC.pdf\" target=\"_blank\" rel=\"noopener noreferrer\">T\u00e9l\u00e9chargement PDF<\/a><\/p>\n<\/div>\n\n\n\n<div class=\"wp-block-column is-layout-flow wp-block-column-is-layout-flow\">\n<p><b>AQ-PAC (assurance-qualit\u00e9\/pompes \u00e0 chaleur): suite des mesures in situ, analyse du comportement \u00e0 long terme et \u00e9valuation de l\u2019efficacit\u00e9 pour le mod\u00e8le statistique 2008-2011<\/b><br>Rapport final, mai 2012<br><a href=\"https:\/\/www.fws.ch\/wp-content\/uploads\/2018\/10\/rapport_2012_mesures_in_situ_aq_pac.pdf\" target=\"_blank\" rel=\"noopener noreferrer\">T\u00e9l\u00e9chargement PDF<\/a><\/p>\n<\/div>\n\n\n\n<div class=\"wp-block-column is-layout-flow wp-block-column-is-layout-flow\">\n<p><b>Utilisation de la g\u00e9othermie profonde pour le chauffage de grands b\u00e2timents avec des pompes \u00e0 chaleur \u00e0 tr\u00e8s hautes performances<\/b><br>Rapport final, novembre 2012<br><a href=\"https:\/\/www.fws.ch\/wp-content\/uploads\/2018\/10\/rapport_2012_utilis_geothermie_profonde_chauffage_grds_batiments.pdf\" target=\"_blank\" rel=\"noopener noreferrer\">T\u00e9l\u00e9chargement PDF<\/a><\/p>\n<\/div>\n<\/div>\n\n\n\n<div class=\"wp-block-columns is-layout-flex wp-container-core-columns-is-layout-9d6595d7 wp-block-columns-is-layout-flex\">\n<div class=\"wp-block-column is-layout-flow wp-block-column-is-layout-flow\">\n<p><b>Analyse in situ d&#8217;installations de pompes \u00e0 chaleur. Anis 1996-2003<\/b><br>Extrait du rapport final, octobre 2004<br><a href=\"https:\/\/www.fws.ch\/wp-content\/uploads\/2018\/10\/ANIS_analyses_in_situ.pdf\" target=\"_blank\" rel=\"noopener noreferrer\">Download PDF<\/a><\/p>\n<\/div>\n\n\n\n<div class=\"wp-block-column is-layout-flow wp-block-column-is-layout-flow\">\n<p><b>Suivi \u00e9nerg\u00e9tique du b\u00e2timent tertiaire Polimmo \u00e0 Gen\u00e8ve, r\u00e9nov\u00e9 Minergie et \u00e9quip\u00e9 de pompes \u00e0 chaleur coupl\u00e9es \u00e0 des sondes g\u00e9othermiques &#8211; Aspects techniques et \u00e9conomiques<\/b><br>Rapport final, septembre 2014<br><a href=\"https:\/\/www.fws.ch\/wp-content\/uploads\/2018\/10\/Suivi_energetique_batiment_polimmo_a_Geneve_2014.pdf\" target=\"_blank\" rel=\"noopener noreferrer\">T\u00e9l\u00e9chargement PDF<\/a><\/p>\n<\/div>\n\n\n\n<div class=\"wp-block-column is-layout-flow wp-block-column-is-layout-flow\">\n<p><b>COP5 : Source froide solaire pour pompe \u00e0 chaleur avec un COP annuel de 5 g\u00e9n\u00e9ralisable dans le neuf et la r\u00e9novation<\/b><br>Rapport final, mars 2014<br><a href=\"https:\/\/www.fws.ch\/wp-content\/uploads\/2018\/10\/Suivi_energetique_batiment_Solarcity_a_Carouge_2014.pdf\" target=\"_blank\" rel=\"noopener noreferrer\">T\u00e9l\u00e9chargement PDF<\/a><\/p>\n<\/div>\n<\/div>\n\n\n\n<div class=\"wp-block-columns is-layout-flex wp-container-core-columns-is-layout-9d6595d7 wp-block-columns-is-layout-flex\">\n<div class=\"wp-block-column is-layout-flow wp-block-column-is-layout-flow\">\n<p><b>Rapport annuel du PAC Syst\u00e8me-Chaleur 2017<\/b><br><a href=\"https:\/\/www.fws.ch\/wp-content\/uploads\/2018\/10\/Jahresbericht-171215-WPSM_FR.compressed.pdf\" target=\"_blank\" rel=\"noopener noreferrer\">T\u00e9l\u00e9chargement PDF<\/a><\/p>\n<\/div>\n<\/div>\n\n\n\n<h2 class=\"wp-block-heading\">Documents techniques<\/h2>\n\n\n\n<div class=\"wp-block-columns is-layout-flex wp-container-core-columns-is-layout-9d6595d7 wp-block-columns-is-layout-flex\">\n<div class=\"wp-block-column is-layout-flow wp-block-column-is-layout-flow\">\n<p><b>Garantie de performance<\/b><br>Installations techniques<br>Office f\u00e9d\u00e9ral de l&#8217;\u00e9nergie OFEN, 2016<br><a href=\"https:\/\/www.fws.ch\/wp-content\/uploads\/2018\/10\/OFEN-Garantie-de-performance-Installations-techniques-2016-F.pdf\" target=\"_blank\" rel=\"noopener noreferrer\">T\u00e9l\u00e9chargement PDF<\/a><\/p>\n<\/div>\n\n\n\n<div class=\"wp-block-column is-layout-flow wp-block-column-is-layout-flow\">\n<p><b>Garantie de performance<\/b><br>Installations techniques<br>Office f\u00e9d\u00e9ral de l&#8217;\u00e9nergie OFEN, 2016<br>2 pages<br><a href=\"https:\/\/www.fws.ch\/wp-content\/uploads\/2018\/10\/OFEN-Garantie-de-performance-PAC-2016-F.pdf\" target=\"_blank\" rel=\"noopener noreferrer\">T\u00e9l\u00e9chargement PDF<\/a><\/p>\n<\/div>\n\n\n\n<div class=\"wp-block-column is-layout-flow wp-block-column-is-layout-flow\">\n<p><b>Notice : remplissage d&#8217;installations \u00e0 sondes g\u00e9othermiques<\/b><br>ImmoClimat Suisse, ao\u00fbt 2014.<br><a href=\"https:\/\/www.fws.ch\/wp-content\/uploads\/2018\/10\/Merkblatt_Fuellen_von_Erdwaermesondenanlagen_A4_fr_GKS.pdf\" target=\"_blank\" rel=\"noopener noreferrer\">T\u00e9l\u00e9chargement PDF<\/a><\/p>\n<\/div>\n<\/div>\n\n\n\n<div class=\"wp-block-columns is-layout-flex wp-container-core-columns-is-layout-9d6595d7 wp-block-columns-is-layout-flex\">\n<div class=\"wp-block-column is-layout-flow wp-block-column-is-layout-flow\">\n<p><b>Fiche technique : chaussette pour sondes g\u00e9othermiques<\/b><br>OFEN, 2014.<br><a href=\"https:\/\/www.fws.ch\/wp-content\/uploads\/2018\/10\/Chaussetttes-pour-sondes-geohermiques.pdf\" target=\"_blank\" rel=\"noopener noreferrer\">T\u00e9l\u00e9chargement PDF<\/a><\/p>\n<\/div>\n\n\n\n<div class=\"wp-block-column is-layout-flow wp-block-column-is-layout-flow\">\n<p><b>Fiche technique : obturateurs pour puits de forage<\/b><br>OFEN, 2014.<br><a href=\"https:\/\/www.fws.ch\/wp-content\/uploads\/2018\/10\/Obturateurs-pour-puits-de-forage.pdf\" target=\"_blank\" rel=\"noopener noreferrer\">T\u00e9l\u00e9chargement PDF<\/a><\/p>\n<\/div>\n\n\n\n<div class=\"wp-block-column is-layout-flow wp-block-column-is-layout-flow\">\n<p><b>Fiche technique : obturateur textile pour sondes g\u00e9othermique<\/b><br>OFEN, 2014.<br><a href=\"https:\/\/www.fws.ch\/wp-content\/uploads\/2018\/10\/Obturateurs-textile-pour-sondes-geothermiques.pdf\" target=\"_blank\" rel=\"noopener noreferrer\">T\u00e9l\u00e9chargement PDF<\/a><\/p>\n<\/div>\n<\/div>\n\n\n\n<div class=\"wp-block-columns is-layout-flex wp-container-core-columns-is-layout-9d6595d7 wp-block-columns-is-layout-flex\">\n<div class=\"wp-block-column is-layout-flow wp-block-column-is-layout-flow\">\n<p><b>Fiche technique : tubage permanent<\/b><br>OFEN, 2014.<br><a href=\"https:\/\/www.fws.ch\/wp-content\/uploads\/2018\/10\/Tubage-permanent.pdf\" target=\"_blank\" rel=\"noopener noreferrer\">T\u00e9l\u00e9chargement PDF<\/a><\/p>\n<\/div>\n\n\n\n<div class=\"wp-block-column is-layout-flow wp-block-column-is-layout-flow\">\n<p><b>Fiche technique : la mise en r\u00e9seau de complexex<\/b><br>Efficacit\u00e9 \u00e9nerg\u00e9tique \u00e9lev\u00e9e avec des temp\u00e9ratures faibles<br>OFEN, 2014.<br><a href=\"https:\/\/www.fws.ch\/wp-content\/uploads\/2018\/10\/Fiche-reseaux-complexes-F.pdf\" target=\"_blank\" rel=\"noopener noreferrer\">T\u00e9l\u00e9chargement PDF<\/a><\/p>\n<\/div>\n\n\n\n<div class=\"wp-block-column is-layout-flow wp-block-column-is-layout-flow\">\n<p><b>\u00abDe l\u2019amiante dans les chauffages \u00e9lectriques \u00e0 accumulation\u00bb<\/b><br>Information et recommandations de l&#8217;OFSP (juin 2005)<br><a href=\"https:\/\/www.fws.ch\/wp-content\/uploads\/2018\/10\/Chauffage-electrique-contenant-de-lamiante-0605.pdf\" target=\"_blank\" rel=\"noopener noreferrer\">T\u00e9l\u00e9chargement PDF<\/a><\/p>\n<\/div>\n<\/div>\n\n\n\n<div class=\"wp-block-columns is-layout-flex wp-container-core-columns-is-layout-9d6595d7 wp-block-columns-is-layout-flex\">\n<div class=\"wp-block-column is-layout-flow wp-block-column-is-layout-flow\">\n<p><b>Exploitation de la chaleur tir\u00e9e du sol et du sous-sol<\/b><br>Aide \u00e0 l&#8217;ex\u00e9cution destin\u00e9e aux autorit\u00e9s d&#8217;ex\u00e9cution et aux sp\u00e9cialistes de g\u00e9othermie.<br>Office f\u00e9d\u00e9ral de l&#8217;environnement OFEV<br>51 pages A4, couleur.<br><a href=\"https:\/\/www.fws.ch\/wp-content\/uploads\/2018\/10\/OFEV_Exploitation_chaleur_sous-sol_0709.pdf\" target=\"_blank\" rel=\"noopener noreferrer\">T\u00e9l\u00e9chargement PDF<\/a><\/p>\n<\/div>\n\n\n\n<div class=\"wp-block-column is-layout-flow wp-block-column-is-layout-flow\">\n<p><b>Instructions: Installations stationnaires et appareils contenant des fluides frigorig\u00e8nes<\/b><br>Livret d\u2019entretien, contr\u00f4le d\u2019\u00e9tanch\u00e9it\u00e9, d\u00e9claration obligatoire<br>Office f\u00e9d\u00e9ral de l&#8217;environnement OFEV<br><a href=\"https:\/\/www.fws.ch\/wp-content\/uploads\/2018\/10\/OFEV_Instructions_Installations_stationnaires_livret.pdf\" target=\"_blank\" rel=\"noopener noreferrer\">T\u00e9l\u00e9chargement PDF<\/a><\/p>\n<\/div>\n\n\n\n<div class=\"wp-block-column is-layout-flow wp-block-column-is-layout-flow\">\n<p><b>Des avanc\u00e9es dans le domaine des pompes \u00e0 chaleur \u00e0 puissance r\u00e9gul\u00e9e &#8211; techologie inverter &#8211; Article de Peter Egli &#8211; Ao\u00fbt 2011<\/b><br><a href=\"https:\/\/www.fws.ch\/wp-content\/uploads\/2018\/10\/Egli_Peter_technologie_Inverter_0811_F.pdf\" target=\"_blank\" rel=\"noopener noreferrer\">T\u00e9l\u00e9chargement PDF<\/a><\/p>\n<\/div>\n<\/div>\n\n\n\n<div class=\"wp-block-columns is-layout-flex wp-container-core-columns-is-layout-9d6595d7 wp-block-columns-is-layout-flex\">\n<div class=\"wp-block-column is-layout-flow wp-block-column-is-layout-flow\">\n<p><b>Utilisation plus efficace des combustibles fossiles et r\u00e9duction des \u00e9missions de CO2 pour le chauffage des b\u00e2timents et la production d\u2019\u00e9lectricit\u00e9 en Suisse<\/b><br>D\u00e9finitions et propri\u00e9t\u00e9s des centrales nucl\u00e9aires, centrales au gaz, centrales \u00e0 cycle combin\u00e9 et centrales \u00e0 couplage chaleur-force<br>Couverture des besoins en chaleur et en \u00e9lectricit\u00e9 par combinaison avec les pompes \u00e0 chaleur, le chauffage \u00e0 bois et les installations solaires thermiques<br>Office f\u00e9d\u00e9ral de l&#8217;\u00e9nergie OFEN<br><a href=\"https:\/\/www.fws.ch\/wp-content\/uploads\/2018\/10\/OFEN_Utilisation_efficace_comb_fossiles_et_reduction_CO2_11.08.pdf\" target=\"_blank\" rel=\"noopener noreferrer\">T\u00e9l\u00e9chargement PDF<\/a><\/p>\n<\/div>\n<\/div>\n\n\n\n<div class=\"wp-block-columns is-layout-flex wp-container-core-columns-is-layout-9d6595d7 wp-block-columns-is-layout-flex\">\n<div class=\"wp-block-column is-layout-flow wp-block-column-is-layout-flow\">\n<p><b>Sch\u00e9mas standard pour petites installations de pompes \u00e0 chaleur<\/b><br>Brochure technique pour le dimensionnement complet d\u2019installations de pompes \u00e0 chaleur selon 7 sch\u00e9mas standard.<br>Office f\u00e9d\u00e9ral de l&#8217;\u00e9nergie OFEN<br><a href=\"https:\/\/www.fws.ch\/wp-content\/uploads\/2018\/10\/schema_standard_ENET.pdf\" target=\"_blank\" rel=\"noopener noreferrer\">T\u00e9l\u00e9chargement PDF<\/a><\/p>\n<\/div>\n\n\n\n<div class=\"wp-block-column is-layout-flow wp-block-column-is-layout-flow\">\n<p><b>Sch\u00e9mas standard 1 \u00e0 7<\/b><br>Sch\u00e9mas hydrauliques au formats A4<br>Office f\u00e9d\u00e9ral de l&#8217;\u00e9nergie OFEN<br><a href=\"https:\/\/www.fws.ch\/wp-content\/uploads\/2018\/10\/Schemas-standard-1-a-7-avec-titre.pdf\" target=\"_blank\" rel=\"noopener noreferrer\">T\u00e9l\u00e9chargement PDF<\/a><\/p>\n<\/div>\n\n\n\n<div class=\"wp-block-column is-layout-flow wp-block-column-is-layout-flow\">\n<p><b>Appareil pour le test de r\u00e9ponse thermique de sondes g\u00e9othermiques ou de pieux \u00e9nerg\u00e9tiques de l&#8217;EPFL<\/b><br>Outil indispensable pour le dimensionnement correct d&#8217;un champ de sondes ou de pieux<br>EPFL &#8211; LMS<br><a href=\"https:\/\/www.fws.ch\/wp-content\/uploads\/2018\/10\/EPFL_appareil_test_reponse_thermique.pdf\" target=\"_blank\" rel=\"noopener noreferrer\">T\u00e9l\u00e9chargement PDF<\/a><\/p>\n<\/div>\n<\/div>\n\n\n\n<div class=\"wp-block-columns is-layout-flex wp-container-core-columns-is-layout-9d6595d7 wp-block-columns-is-layout-flex\">\n<div class=\"wp-block-column is-layout-flow wp-block-column-is-layout-flow\">\n<p><b>Catalogue des ponts thermiques<\/b><br>Conseils pratiques, exemples, tabelles, etc.<br>Office f\u00e9d\u00e9ral de l&#8217;\u00e9nergie OFEN<br><a href=\"https:\/\/www.fws.ch\/wp-content\/uploads\/2018\/10\/OFEN_catalogue_des_ponts_thermiques_2003f.pdf\" target=\"_blank\" rel=\"noopener noreferrer\">T\u00e9l\u00e9chargement PDF<\/a><\/p>\n<\/div>\n\n\n\n<div class=\"wp-block-column is-layout-flow wp-block-column-is-layout-flow\">\n<p><b>Catalogue d\u2019\u00e9l\u00e9ments de construction avec calcul de la valeur U \u2013 construction neuve<\/b><br>Conseils pratiques, exemples, tabelles, etc.<br>Office f\u00e9d\u00e9ral de l&#8217;\u00e9nergie OFEN<br><a href=\"https:\/\/www.fws.ch\/wp-content\/uploads\/2018\/10\/OFEN_catalogue_d_elements_de_construction_avec_calcul_U_neuf.pdf\" target=\"_blank\" rel=\"noopener noreferrer\">T\u00e9l\u00e9chargement PDF<\/a><\/p>\n<\/div>\n\n\n\n<div class=\"wp-block-column is-layout-flow wp-block-column-is-layout-flow\">\n<p><b>Catalogue d\u2019\u00e9l\u00e9ments de construction avec calcul de la valeur U &#8211; assainissement<\/b><br>Conseils pratiques, exemples, tabelles, etc.<br>Office f\u00e9d\u00e9ral de l&#8217;\u00e9nergie OFEN<br><a href=\"https:\/\/www.fws.ch\/wp-content\/uploads\/2018\/10\/OFEN_catalogue_d_elements_de_construction_avec_calcul_U_assainissement.pdf\" target=\"_blank\" rel=\"noopener noreferrer\">T\u00e9l\u00e9chargement PDF<\/a><\/p>\n<\/div>\n<\/div>\n\n\n\n<div class=\"wp-block-columns is-layout-flex wp-container-core-columns-is-layout-9d6595d7 wp-block-columns-is-layout-flex\">\n<div class=\"wp-block-column is-layout-flow wp-block-column-is-layout-flow\">\n<p><b>Le catalogue d&#8217;\u00e9l\u00e9ments de construction dynamique, bas\u00e9 sur le Web, constitue le remplacement moderne de la documentation SIA DO 123. Ce catalogue a \u00e9t\u00e9 d\u00e9velopp\u00e9 dans le cadre du programme de recherche &#8220;Technologie du b\u00e2timent&#8221; de l&#8217;OFEN.<\/b><br>En utilisation directe sur: <a href=\"http:\/\/www.bauteilkatalog.ch\/ch\/fr\/21.asp?lng=FR&amp;navid=1\" target=\"_blank\" rel=\"noopener noreferrer\">www.bauteilkatalog.ch<\/a><\/p>\n<\/div>\n\n\n\n<div class=\"wp-block-column is-layout-flow wp-block-column-is-layout-flow\">\n<p><b>Evaluation acoustique des pompes \u00e0 chaleur air\/eau<\/b><br>Aide \u00e0 l&#8217;execution 6.21<br>Cercle bruit<br><a href=\"https:\/\/www.fws.ch\/wp-content\/uploads\/2018\/10\/Brochure-6.21-Evaluation-acoustique-du-110913-F.pdf\" target=\"_blank\" rel=\"noopener noreferrer\">T\u00e9l\u00e9chargement PDF<\/a><\/p>\n<\/div>\n<\/div>\n\n\n\n<h2 class=\"wp-block-heading\">Calculs de rentabilit\u00e9<\/h2>\n\n\n\n<div class=\"wp-block-columns is-layout-flex wp-container-core-columns-is-layout-9d6595d7 wp-block-columns-is-layout-flex\">\n<div class=\"wp-block-column is-layout-flow wp-block-column-is-layout-flow\">\n<p><b>Comparaison de co\u00fbts de chauffage pour une maison individuelle<\/b><br>Comparez les co\u00fbts et l&#8217;impact environnemental de divers syst\u00e8mes de chauffage avec le tableur du WWF.<br><a href=\"https:\/\/www.fws.ch\/wp-content\/uploads\/2018\/10\/WWF_14_villa.xls\" target=\"_blank\" rel=\"noopener noreferrer\">T\u00e9l\u00e9chargement Excel<\/a><\/p>\n<\/div>\n\n\n\n<div class=\"wp-block-column is-layout-flow wp-block-column-is-layout-flow\">\n<p><b>Comparaison de co\u00fbts de chauffage pour une maison locative<\/b><br>Comparez les co\u00fbts et l&#8217;impact environnemental de divers syst\u00e8mes de chauffage avec le tableur du WWF.<br><a href=\"https:\/\/www.fws.ch\/wp-content\/uploads\/2018\/10\/WWF_14_immeuble.xls\" target=\"_blank\" rel=\"noopener noreferrer\">T\u00e9l\u00e9chargement Excel<\/a><\/p>\n<\/div>\n<\/div>\n","protected":false},"excerpt":{"rendered":"<p>Les livres, rapports, \u00e9tudes et fiches techniques peuvent \u00eatre t\u00e9l\u00e9charg\u00e9s gratuitement. Les actes de conf\u00e9rence imprim\u00e9s de la &#8220;Conf\u00e9rence de Burgdorf&#8221; sont \u00e9galement class\u00e9s.<\/p>\n","protected":false},"author":5,"featured_media":526,"comment_status":"closed","ping_status":"closed","sticky":false,"template":"","format":"standard","meta":{"footnotes":""},"categories":[22],"tags":[],"class_list":["post-963","post","type-post","status-publish","format-standard","has-post-thumbnail","hentry","category-nos-services"],"_links":{"self":[{"href":"https:\/\/www.fws.ch\/fr\/wp-json\/wp\/v2\/posts\/963","targetHints":{"allow":["GET"]}}],"collection":[{"href":"https:\/\/www.fws.ch\/fr\/wp-json\/wp\/v2\/posts"}],"about":[{"href":"https:\/\/www.fws.ch\/fr\/wp-json\/wp\/v2\/types\/post"}],"author":[{"embeddable":true,"href":"https:\/\/www.fws.ch\/fr\/wp-json\/wp\/v2\/users\/5"}],"replies":[{"embeddable":true,"href":"https:\/\/www.fws.ch\/fr\/wp-json\/wp\/v2\/comments?post=963"}],"version-history":[{"count":22,"href":"https:\/\/www.fws.ch\/fr\/wp-json\/wp\/v2\/posts\/963\/revisions"}],"predecessor-version":[{"id":12060,"href":"https:\/\/www.fws.ch\/fr\/wp-json\/wp\/v2\/posts\/963\/revisions\/12060"}],"wp:featuredmedia":[{"embeddable":true,"href":"https:\/\/www.fws.ch\/fr\/wp-json\/wp\/v2\/media\/526"}],"wp:attachment":[{"href":"https:\/\/www.fws.ch\/fr\/wp-json\/wp\/v2\/media?parent=963"}],"wp:term":[{"taxonomy":"category","embeddable":true,"href":"https:\/\/www.fws.ch\/fr\/wp-json\/wp\/v2\/categories?post=963"},{"taxonomy":"post_tag","embeddable":true,"href":"https:\/\/www.fws.ch\/fr\/wp-json\/wp\/v2\/tags?post=963"}],"curies":[{"name":"wp","href":"https:\/\/api.w.org\/{rel}","templated":true}]}}