{"id":1954,"date":"2019-02-27T21:44:05","date_gmt":"2019-02-27T21:44:05","guid":{"rendered":"https:\/\/www.fws.ch\/?p=1954"},"modified":"2023-09-19T18:52:23","modified_gmt":"2023-09-19T18:52:23","slug":"presentazioni","status":"publish","type":"post","link":"https:\/\/www.fws.ch\/it\/presentazioni\/","title":{"rendered":"Conferenze e presentazioni (disponibile solo in tedesco)"},"content":{"rendered":"<p><a href=\"https:\/\/www.fws.ch\/unkategorisiert\/referate-archiv\/\" rel=\"noopener\">zum Archiv \u00bb<\/a><\/p>\r\n<p>&nbsp;<\/p>\r\n<h3>FWS-Fachtagung der Umweltarena Spreitenbach, 6. November 2018<\/h3>\r\n<p><b>Stadtvertr\u00e4gliche Luft\/Wasser-W\u00e4rmepumpe &#8211; L\u00f6sungen zum Thema Schall und Gestaltung<\/b><br \/>Ralf Dott, wissenschaftlicher Mitarbeiter FHNW<br \/><a href=\"https:\/\/www.fws.ch\/wp-content\/uploads\/2018\/11\/Ralf_Dott.pdf\" target=\"_blank\" rel=\"noopener noreferrer\">Download PDF<\/a><\/p>\r\n<p><b>Faktenrecherchen zu Legionellen im Warmwasser<\/b><br \/>Michel Haller, Hochschule f\u00fcr Technik Rapperswil<br \/><a href=\"https:\/\/www.fws.ch\/wp-content\/uploads\/2018\/11\/Michel_Haller.pdf\" target=\"_blank\" rel=\"noopener noreferrer\">Download PDF<\/a><\/p>\r\n<p><b>Energieeffizienz in der Warmwasserversorgung<\/b><br \/>Rita Kobler, Fachspezialistin erneuerbare Energie<br \/><a href=\"https:\/\/www.fws.ch\/wp-content\/uploads\/2018\/11\/Rita_Kobler.pdf\" target=\"_blank\" rel=\"noopener noreferrer\">Download PDF<\/a><\/p>\r\n<p><b>Flexibler Leistungsausbau mit Kaskaden<\/b><br \/>Peter Waldburger, Leiter PM und Technik<br \/><a href=\"https:\/\/www.fws.ch\/wp-content\/uploads\/2018\/11\/Peter_Waldburger.pdf\" target=\"_blank\" rel=\"noopener noreferrer\">Download PDF<\/a><\/p>\r\n<p><b>Neue Vollzugshilfe f\u00fcr den L\u00e4rmschutznachweis<\/b><br \/>Martin Stocker, Cercle Bruit<br \/><a href=\"https:\/\/www.fws.ch\/wp-content\/uploads\/2018\/11\/Martin_Stocker.pdf\" target=\"_blank\" rel=\"noopener noreferrer\">Download PDF<\/a><\/p>\r\n<p><b>Erfahrungen mit dem L\u00e4rmschutznachweis<\/b><br \/>Markus Giger, Vorsitzender der Industrievertretung W\u00e4rmepumpen<br \/><a href=\"https:\/\/www.fws.ch\/wp-content\/uploads\/2018\/11\/Markus_Giger.pdf\" target=\"_blank\" rel=\"noopener noreferrer\">Download PDF<\/a><\/p>\r\n<p><b>Die Heizung, die auch kosteng\u00fcnstig k\u00fchlt<\/b><br \/>Simon Galliard, Produktmanager W\u00e4rmepumpen<br \/><a href=\"https:\/\/www.fws.ch\/wp-content\/uploads\/2018\/11\/Simon_Gaillard.pdf\" target=\"_blank\" rel=\"noopener noreferrer\">Download PDF<\/a><\/p>\r\n<p><b>Neueste Fortschritte im Bereich Tiefensonde<\/b><br \/>Benjamin Pernter, Produktmanager Geothermie<br \/><a href=\"https:\/\/www.fws.ch\/wp-content\/uploads\/2018\/11\/Benjamin_Pernter.pdf\" target=\"_blank\" rel=\"noopener noreferrer\">Download PDF<\/a><\/p>\r\n<p><b>Zus\u00e4tzliche Einsatzgebiete f\u00fcr innovative Erdw\u00e4rmesonden<\/b><br \/>Alfons Ebn\u00f6ther, Dipl. Ing. HTL<br \/>Silvio Jud, Produktmanager EWS<br \/><a href=\"https:\/\/www.fws.ch\/wp-content\/uploads\/2018\/11\/Alfons_Ebnoether.pdf\" target=\"_blank\" rel=\"noopener noreferrer\">Download PDF<\/a><\/p>\r\n<p><b>F\u00f6rderprogramm W\u00e4rmeverb\u00fcnde &#8211; Verl\u00e4ngerung bis 2030 macht W\u00e4rmepumpen attraktiver<\/b><br \/>Ernst A. M\u00fcller, Gesch\u00e4ftsf\u00fchrer Infrawatt<br \/><a href=\"https:\/\/www.fws.ch\/wp-content\/uploads\/2018\/11\/ErnstA_Mueller.pdf\" target=\"_blank\" rel=\"noopener noreferrer\">Download PDF<\/a><\/p>\r\n<p><b>W\u00e4rmepumpen-System-Modul &#8211; Weiterentwicklung und Erfolgskontrolle<\/b><br \/>Andreas Dellios, Projektleiter WPSM\/FWS<br \/><a href=\"https:\/\/www.fws.ch\/wp-content\/uploads\/2018\/11\/Andreas_Dellios.pdf\" target=\"_blank\" rel=\"noopener noreferrer\">Download PDF<\/a><\/p>\r\n<p>&nbsp;<\/p>\r\n<h3>Tagung anl\u00e4sslich der FWS-Vereinsversammlung 25. April 2018<\/h3>\r\n<p><b>Neuer \u00f6lfreier gasgelagerter Turbo-K\u00e4ltemittelverdichter<\/b><br \/>Beat Wellig, Professor f\u00fcr Thermodynamik, Verfahrens- und Umwelttechnik an der Hochschule Luzern<br \/><a href=\"https:\/\/www.fws.ch\/wp-content\/uploads\/2018\/06\/180425-Beat-Wellig-FWS-Fachtagung-Pr\u00e4sentation-BWellig-HSLU.pdf\" target=\"_blank\" rel=\"noopener noreferrer\">Download PDF<\/a><\/p>\r\n<p><b>Normen versus Praxis der Brauchwarmwassererw\u00e4rmung mit W\u00e4rmepumpen<\/b><br \/>Mick Eschmann, W\u00e4rmepumpen-Testzentrum WPZ und Akustik<br \/><a href=\"https:\/\/www.fws.ch\/wp-content\/uploads\/2018\/06\/180425_Mick-Eschmann-Normen-vs-Praxis-2.pdf\" target=\"_blank\" rel=\"noopener noreferrer\">Download PDF<\/a><\/p>\r\n<p><b>Projets sur les pompes \u00e0 chaleur \u00e0 l\u2019Institut de G\u00e9nie Thermique<\/b><br \/>Prof. Nicolas Weber, Directeur IGT<br \/><a href=\"https:\/\/www.fws.ch\/wp-content\/uploads\/2018\/06\/180425-Nicola-Weber-Pr\u00e9sentation_GSP_2018.04.25.pdf\" target=\"_blank\" rel=\"noopener noreferrer\">Download PDF<\/a><\/p>\r\n<p><b>W\u00e4rmepumpen in komplexer werdenden elektrischen und hydraulischen Systemen<\/b><br \/>Prof. Dr. Ralph Eismann, Institut Energie am Bau<br \/><a href=\"https:\/\/www.fws.ch\/wp-content\/uploads\/2018\/06\/180425-Ralph-Eismann-Vortrag-FWS_Eismann_230426.pdf\" target=\"_blank\" rel=\"noopener noreferrer\">Download PDF<\/a><\/p>\r\n<p>&nbsp;<\/p>\r\n<h3>Tagung anl\u00e4sslich der FWS-Vereinsversammlung 10. Mai 2017<\/h3>\r\n<p><b>Schweizer Photovoltaik-Markt im raschen Wandel<\/b><br \/>David Stickelberger, Gesch\u00e4ftsleiter Swissolar<br \/><a href=\"https:\/\/www.fws.ch\/wp-content\/uploads\/2018\/04\/170510_swissolar_Stickelberger_David.pdf\" target=\"_blank\" rel=\"noopener noreferrer\">Download PDF<\/a><\/p>\r\n<p><b>Die neue K\u00e4ltemittelverordnung<\/b><br \/>Pr\u00e4sentation SVK<br \/>Ren\u00e9 Christen, Pr\u00e4sident Schweizerischer Verein f\u00fcr K\u00e4ltetechnik SVK<br \/><a href=\"https:\/\/www.fws.ch\/wp-content\/uploads\/2018\/04\/170510-SVK-Christen_Praesentation_Verband_SVK.pdf\" target=\"_blank\" rel=\"noopener noreferrer\">Download PDF<\/a><\/p>\r\n<p><b>Schwerpunktprojekte und Aktuelles zur Geothermie<\/b><br \/>J\u00fcrg Abb\u00fchl, Generalsekret\u00e4r GEOTHERMIE-SCHWEIZ<br \/><a href=\"https:\/\/www.fws.ch\/wp-content\/uploads\/2018\/04\/170510-geothermie-Abbuehl-Praesentation_FWS_Schnittstellen_20170510_V2.pdf\" target=\"_blank\" rel=\"noopener noreferrer\">Download PDF<\/a><\/p>\r\n<p><b>Neuausrichtung Minergie<\/b><br \/>Andreas Meyer Primvavesi, Gesch\u00e4ftsleiter Minergie Schweiz<br \/><a href=\"https:\/\/www.fws.ch\/wp-content\/uploads\/2018\/04\/170510-minergie-Andreas-Meyer_Neuausrichtung.pdf\" target=\"_blank\" rel=\"noopener noreferrer\">Download PDF<\/a><\/p>\r\n<p><b>Garantiefristen und Gew\u00e4hrleistung in der Geb\u00e4udetechnik<\/b><br \/>Konrad Imbach, Gesch\u00e4ftsf\u00fchrer Geb\u00e4udeKlima Schweiz GKS<br \/><a href=\"https:\/\/www.fws.ch\/wp-content\/uploads\/2018\/04\/170510-GKS-Imbach-17-05-10-Protrait-GKS-fuer-FWS.pdf\" target=\"_blank\" rel=\"noopener noreferrer\">Download PDF<\/a><\/p>\r\n<p>&nbsp;<\/p>\r\n<p><a href=\"https:\/\/www.fws.ch\/unkategorisiert\/referate-archiv\/\" rel=\"noopener\">zum Archiv \u00bb<\/a><\/p>\r\n<p>&nbsp;<\/p>\r\n\r\n<p>&nbsp;<\/p>\r\n","protected":false},"excerpt":{"rendered":"<p>L\u2019APP si occupa di organizzare convegni specialistici, workshop ed eventi informativi. Le presentazioni sono liberamente disponibili alla voce \u201cPresentazioni\u201d. Di fatto sono le slide del convegno specialistico in occasione dell\u2019assemblea generale e del \u201cAggiornamento pompe di calore e sonde geotermiche\u201d di novembre.<\/p>\n","protected":false},"author":5,"featured_media":342,"comment_status":"closed","ping_status":"closed","sticky":false,"template":"","format":"standard","meta":{"footnotes":""},"categories":[124,31],"tags":[],"class_list":["post-1954","post","type-post","status-publish","format-standard","has-post-thumbnail","hentry","category-unsere-dienstleistungen-it","category-i-nostri-servizi"],"_links":{"self":[{"href":"https:\/\/www.fws.ch\/it\/wp-json\/wp\/v2\/posts\/1954","targetHints":{"allow":["GET"]}}],"collection":[{"href":"https:\/\/www.fws.ch\/it\/wp-json\/wp\/v2\/posts"}],"about":[{"href":"https:\/\/www.fws.ch\/it\/wp-json\/wp\/v2\/types\/post"}],"author":[{"embeddable":true,"href":"https:\/\/www.fws.ch\/it\/wp-json\/wp\/v2\/users\/5"}],"replies":[{"embeddable":true,"href":"https:\/\/www.fws.ch\/it\/wp-json\/wp\/v2\/comments?post=1954"}],"version-history":[{"count":3,"href":"https:\/\/www.fws.ch\/it\/wp-json\/wp\/v2\/posts\/1954\/revisions"}],"predecessor-version":[{"id":2072,"href":"https:\/\/www.fws.ch\/it\/wp-json\/wp\/v2\/posts\/1954\/revisions\/2072"}],"wp:featuredmedia":[{"embeddable":true,"href":"https:\/\/www.fws.ch\/it\/wp-json\/wp\/v2\/media\/342"}],"wp:attachment":[{"href":"https:\/\/www.fws.ch\/it\/wp-json\/wp\/v2\/media?parent=1954"}],"wp:term":[{"taxonomy":"category","embeddable":true,"href":"https:\/\/www.fws.ch\/it\/wp-json\/wp\/v2\/categories?post=1954"},{"taxonomy":"post_tag","embeddable":true,"href":"https:\/\/www.fws.ch\/it\/wp-json\/wp\/v2\/tags?post=1954"}],"curies":[{"name":"wp","href":"https:\/\/api.w.org\/{rel}","templated":true}]}}